{"id":127616,"date":"2026-01-06T19:11:15","date_gmt":"2026-01-06T19:11:15","guid":{"rendered":"https:\/\/www.europesays.com\/se\/127616\/"},"modified":"2026-01-06T19:11:15","modified_gmt":"2026-01-06T19:11:15","slug":"malmos-storform-intakt-tog-ny-seger-shl","status":"publish","type":"post","link":"https:\/\/www.europesays.com\/se\/127616\/","title":{"rendered":"Malm\u00f6s storform intakt \u2013 tog ny seger | SHL"},"content":{"rendered":"<p>Publicerad 6 jan 2026 kl 17.26Uppdaterad kl 18.35<\/p>\n<p>V\u00e4gsk\u00e4lsmatch i Malm\u00f6.<\/p>\n<p>Hemmalaget hade sex po\u00e4ngs f\u00f6rspr\u00e5ng mot F\u00e4rjestad.<\/p>\n<p>Nu har man nio efter ny seger, efter att F\u00e4rjestad reducerat med 29 sekunder kvar, men inte kom n\u00e4rmre \u00e4n 2-1.<\/p>\n<p>\u2013 Jag \u00e4r fruktansv\u00e4rt less p\u00e5 att f\u00f6rlora hedersamma f\u00f6rluster, s\u00e4ger F\u00e4rjestads Magnus Nygren.<\/p>\n<p><img loading=\"lazy\"   alt=\"\"\/> <\/p>\n<p>Foto: AVDO BILKANOVIC \/ BILDBYR\u00c5N<\/p>\n<p>\u00d6ppna bild i helsk\u00e4rm<img loading=\"lazy\"   alt=\"\"\/> <\/p>\n<p>Foto: AVDO BILKANOVIC \/ BILDBYR\u00c5N<\/p>\n<p>\u00d6ppna bild i helsk\u00e4rm<\/p>\n<p>Storformen h\u00e5ller i sig f\u00f6r uppstickaren <a href=\"https:\/\/www.expressen.se\/tagg\/organization\/malmo-redhawks\/\" class=\"\" rel=\"nofollow noopener\" target=\"_blank\">Malm\u00f6 Redhawks<\/a>.<\/p>\n<p>F\u00e4rjestad, som hade chansen att knapra in viktiga po\u00e4ng i tabellen, tog inte den chansen. Ist\u00e4llet \u00f6kade avst\u00e5ndet.<\/p>\n<p>\u2013 Det \u00e4r klart att vi har koll p\u00e5 tabellen. Vi \u00e4r l\u00e4ngre ner \u00e4n vad vi hade f\u00f6rv\u00e4ntat oss, men det \u00e4r verkligheten, s\u00e4ger Magnus Nygren.<\/p>\n<p><strong>Varf\u00f6r f\u00f6rlorar ni?<\/strong><\/p>\n<p>\u2013 Skjuter man 39 skott s\u00e5 ska man egentligen g\u00f6ra mer \u00e4n ett m\u00e5l, men Malm\u00f6 g\u00f6r ett bra jobb, och vi har sv\u00e5rt att ta oss in i de heta l\u00e4gena. D\u00e4r beh\u00f6ver vi g\u00f6ra ett b\u00e4ttre jobb, och jag, plus alla andra \u00e4r delaktiga i det.<\/p>\n<p><strong>Trots allt skotten, s\u00e5 k\u00e4nns ni relativt ofarliga?<\/strong><\/p>\n<p>\u2013 Jag h\u00e5ller med. Samtidigt g\u00f6r vi en ganska bra bortamatch. Men det \u00e4r f\u00f6r enkelt att s\u00e4ga att vi borde f\u00e5tt utdelning. Nej, vi beh\u00f6ver hitta v\u00e4gar att f\u00e5 mer utdelning, och f\u00f6rtj\u00e4na de m\u00e5len, s\u00e4ger F\u00e4rjestadsveteranen.<\/p>\n<p>H\u00e4ndemark gjorde m\u00e5l \u2013 och fick ett till<\/p>\n<p>Fredrik H\u00e4ndemark, som g\u00e5r mot sin m\u00e5lb\u00e4sta s\u00e4song i karri\u00e4ren skickade in 1-0, och F\u00e4rjestad jobbade mest p\u00e5 utsidan i matchen, \u00e4ven om man fick i v\u00e4g n\u00e4rmre 40 skott i matchen, och faktiskt kunde spr\u00e4cka Marek Langhamers nolla f\u00f6r 2026, n\u00e4r David Tomasek reducerade med 29 sekunder kvar.<\/p>\n<p>Han gjorde sitt 13:e m\u00e5l n\u00e4r han sm\u00e4llde upp 1-0 i krysset.<\/p>\n<p>Faktum \u00e4r att han tidigare under dagen hade f\u00e5tt sitt tolfte m\u00e5l registrerat. Ett m\u00e5l som gjordes 2025, mot Fr\u00f6lunda.<\/p>\n<p>\u2013 Har jag f\u00e5tt det nu? Oj, det tog tid! s\u00e4ger H\u00e4ndemark och skrattar.<\/p>\n<p>M\u00e5let han f\u00e5tt registrerat p\u00e5 sig \u00e4r det som betydde 2-2 hemma mot Fr\u00f6lunda i december, som Carl Persson tidigare hade f\u00e5tt. Ett Fr\u00f6lunda som f\u00f6rlorade, vilket g\u00f6r Malm\u00f6 till SHL:s formstarkaste lag senaste tio matcherna.<\/p>\n<p>\u2013 Torskade Fr\u00f6lunda? Det var p\u00e5 tiden, s\u00e4ger H\u00e4ndemark.<\/p>\n<p><strong>Vad g\u00f6r att ni \u00e4r s\u00e5 bra?<\/strong><\/p>\n<p>\u2013 Vi \u00e4r stabila, och har en bra grund. En bra m\u00e5lvakt och ett bra f\u00f6rsvarsspel. Vi \u00e4r solida.<\/p>\n<p><strong>Kan du rentav rusa mot 20 m\u00e5l och g\u00f6ra din \u00f6verl\u00e4gset b\u00e4sta m\u00e5ls\u00e4song i karri\u00e4ren?<\/strong><\/p>\n<p>\u2013 Lugn och fin nu. Det \u00e4r kul att kunna bidra till att vi vinner, s\u00e4ger Malm\u00f6kaptenen.<\/p>\n","protected":false},"excerpt":{"rendered":"Publicerad 6 jan 2026 kl 17.26Uppdaterad kl 18.35 V\u00e4gsk\u00e4lsmatch i Malm\u00f6. Hemmalaget hade sex po\u00e4ngs f\u00f6rspr\u00e5ng mot F\u00e4rjestad.&hellip;\n","protected":false},"author":2,"featured_media":127617,"comment_status":"","ping_status":"","sticky":false,"template":"","format":"standard","meta":{"footnotes":""},"categories":[68],"tags":[2939,2735,1179,34,255,823,111,110,31,33,32,30],"class_list":{"0":"post-127616","1":"post","2":"type-post","3":"status-publish","4":"format-standard","5":"has-post-thumbnail","7":"category-sport","8":"tag-organization-farjestad-bk","9":"tag-organization-malmo-redhawks","10":"tag-organization-shl","11":"tag-se","12":"tag-sections-ishockey","13":"tag-sections-shl","14":"tag-sport","15":"tag-sports","16":"tag-svenska","17":"tag-sverige","18":"tag-sweden","19":"tag-swedish"},"share_on_mastodon":{"url":"https:\/\/pubeurope.com\/@se\/115849742498713776","error":""},"_links":{"self":[{"href":"https:\/\/www.europesays.com\/se\/wp-json\/wp\/v2\/posts\/127616","targetHints":{"allow":["GET"]}}],"collection":[{"href":"https:\/\/www.europesays.com\/se\/wp-json\/wp\/v2\/posts"}],"about":[{"href":"https:\/\/www.europesays.com\/se\/wp-json\/wp\/v2\/types\/post"}],"author":[{"embeddable":true,"href":"https:\/\/www.europesays.com\/se\/wp-json\/wp\/v2\/users\/2"}],"replies":[{"embeddable":true,"href":"https:\/\/www.europesays.com\/se\/wp-json\/wp\/v2\/comments?post=127616"}],"version-history":[{"count":0,"href":"https:\/\/www.europesays.com\/se\/wp-json\/wp\/v2\/posts\/127616\/revisions"}],"wp:featuredmedia":[{"embeddable":true,"href":"https:\/\/www.europesays.com\/se\/wp-json\/wp\/v2\/media\/127617"}],"wp:attachment":[{"href":"https:\/\/www.europesays.com\/se\/wp-json\/wp\/v2\/media?parent=127616"}],"wp:term":[{"taxonomy":"category","embeddable":true,"href":"https:\/\/www.europesays.com\/se\/wp-json\/wp\/v2\/categories?post=127616"},{"taxonomy":"post_tag","embeddable":true,"href":"https:\/\/www.europesays.com\/se\/wp-json\/wp\/v2\/tags?post=127616"}],"curies":[{"name":"wp","href":"https:\/\/api.w.org\/{rel}","templated":true}]}}