{"id":127627,"date":"2026-01-06T19:30:24","date_gmt":"2026-01-06T19:30:24","guid":{"rendered":"https:\/\/www.europesays.com\/se\/127627\/"},"modified":"2026-01-06T19:30:24","modified_gmt":"2026-01-06T19:30:24","slug":"bela-tarr-dod-vid-70-ars-alder-skapade-ododliga-filmer-med-arets-nobelpristagare","status":"publish","type":"post","link":"https:\/\/www.europesays.com\/se\/127627\/","title":{"rendered":"B\u00e9la Tarr d\u00f6d vid 70 \u00e5rs \u00e5lder \u2013 skapade od\u00f6dliga filmer med \u00e5rets Nobelpristagare"},"content":{"rendered":"<p>Hyllade ungerska filmskaparen <strong>B\u00e9la Tarr<\/strong> \u00e4r d\u00f6d vid 70 \u00e5rs \u00e5lder, rapporterar ungerska medier.<\/p>\n<p>Tarr debuterade som filmregiss\u00f6r i slutet av 70-talet. Men det var med 1988 \u00e5rs <a href=\"https:\/\/www.moviezine.se\/movies\/damnation\" rel=\"nofollow noopener\" target=\"_blank\">\u201dDamnation\u201d<\/a> som han blev ett k\u00e4nt namn i filmkretsar. D\u00e5 samarbetade han f\u00f6r f\u00f6rsta g\u00e5ngen med \u00e5rets Nobelpristagare i litteratur, <strong>L\u00e1szl\u00f3 Krasznahorkai<\/strong>.<\/p>\n<p>Med manus av Krasznahorkai n\u00e5dde Tarr \u00e4nnu st\u00f6rre h\u00f6jder med 1994 \u00e5rs <a href=\"https:\/\/www.moviezine.se\/movies\/satan-s-tango\" rel=\"nofollow noopener\" target=\"_blank\">\u201dSatantango\u201d<\/a>. Den sju timmar l\u00e5nga svartvita filmen blev hyllad av kritiker v\u00e4rlden \u00f6ver och \u00e4r omtalad \u00e4n idag \u2013 och inte bara f\u00f6r sin l\u00e4ngd. <\/p>\n<p><img loading=\"lazy\" height=\"391\" width=\"648\" class=\"wp-image-710291 sp-no-webp perfmatters-lazy\" alt=\"\" decoding=\"async\" src=\"https:\/\/www.europesays.com\/se\/wp-content\/uploads\/2026\/01\/satantango-3-scaled-1-648x391.jpeg\"  data-\/> \u201dSatantango\u201d.<\/p>\n<p>P\u00e5 2000-talet skapade han lika egensinniga filmer som <a href=\"https:\/\/www.moviezine.se\/movies\/werckmeister-harmonies\" rel=\"nofollow noopener\" target=\"_blank\">\u201dWerckmeister Harmonies\u201d<\/a> och <a href=\"https:\/\/www.moviezine.se\/movies\/the-man-from-london\" rel=\"nofollow noopener\" target=\"_blank\">\u201dThe Man From London\u201d<\/a>. B\u00e5da i samarbete med Krasznahorkai och hans fru och medregiss\u00f6r \u00c1gnes Hranitzky\u00a0.<\/p>\n<p>Hans sista film blev 2011 \u00e5rs <a href=\"https:\/\/www.moviezine.se\/movies\/turinhasten\" rel=\"nofollow noopener\" target=\"_blank\">\u201dTurinh\u00e4sten\u201d<\/a>. Det blev ocks\u00e5 en av hans allra mest hyllade. Men helt pensionerad var han inte heller efter det. 2021 agerade han exekutiv producent till den svensk-isl\u00e4ndska filmen \u201dLamm\u201d med Noomi Rapace.<\/p>\n<p>B\u00e9la Tarr har influerat en uppsj\u00f6 av filmskapare \u2013 s\u00e5som Gus Van Sant och Jim Jarmusch \u2013 och hans filmer kommer leva vidare l\u00e4nge. S\u00e5 sent som i december laddade SVT Play upp tv\u00e5 av hans filmer. D\u00e4r kan du streama b\u00e5de \u201dSatantango\u201d och \u201dTurinh\u00e4sten\u201d.<\/p>\n<p>Vila i frid, B\u00e9la Tarr.<\/p>\n<p><img loading=\"lazy\" decoding=\"async\" alt=\"YouTube video\" width=\"480\" height=\"360\" data-pin-nopin=\"true\" nopin=\"nopin\" class=\"perfmatters-lazy\" src=\"https:\/\/www.europesays.com\/se\/wp-content\/uploads\/2026\/01\/1767727824_384_hqdefault.jpg\"\/><\/p>\n<p>L\u00e4s ocks\u00e5: <a href=\"https:\/\/www.moviezine.se\/nyheter\/sugen-pa-en-7-timmar-lang-film-starkt-drama-fran-1994-streamar-nu-gratis-hos-svt-play\" title=\"Sugen p\u00e5 en 7 timmar l\u00e5ng film? Tidig julklapp f\u00f6r film\u00e4lskaren \u00e4r nu gratis hos SVT Play\" class=\"underline-custom !font-montserrat !font-bold !underline-offset-4 !decoration-4 !decoration-moviezine-green !text-md\" rel=\"nofollow noopener\" target=\"_blank\">Sugen p\u00e5 en 7 timmar l\u00e5ng film? Tidig julklapp f\u00f6r film\u00e4lskaren \u00e4r nu gratis hos SVT Play<\/a><\/p>\n<p>L\u00e4s ocks\u00e5: <a href=\"https:\/\/www.moviezine.se\/nyheter\/svt-play-baddar-upp-for-nobelfest-3-alskade-klassiker-streamar-nu\" title=\"SVT Play b\u00e4ddar upp f\u00f6r Nobelfest! 3 \u00e4lskade klassiker streamar nu\" class=\"underline-custom !font-montserrat !font-bold !underline-offset-4 !decoration-4 !decoration-moviezine-green !text-md\" rel=\"nofollow noopener\" target=\"_blank\">SVT Play b\u00e4ddar upp f\u00f6r Nobelfest! 3 \u00e4lskade klassiker streamar nu<\/a><\/p>\n","protected":false},"excerpt":{"rendered":"Hyllade ungerska filmskaparen B\u00e9la Tarr \u00e4r d\u00f6d vid 70 \u00e5rs \u00e5lder, rapporterar ungerska medier. Tarr debuterade som filmregiss\u00f6r&hellip;\n","protected":false},"author":2,"featured_media":127628,"comment_status":"","ping_status":"","sticky":false,"template":"","format":"standard","meta":{"footnotes":""},"categories":[67],"tags":[104,34,31,33,32,30,105,2501],"class_list":{"0":"post-127627","1":"post","2":"type-post","3":"status-publish","4":"format-standard","5":"has-post-thumbnail","7":"category-underhallning","8":"tag-entertainment","9":"tag-se","10":"tag-svenska","11":"tag-sverige","12":"tag-sweden","13":"tag-swedish","14":"tag-underhallning","15":"tag-vila-i-frid"},"share_on_mastodon":{"url":"https:\/\/pubeurope.com\/@se\/115849817160923978","error":""},"_links":{"self":[{"href":"https:\/\/www.europesays.com\/se\/wp-json\/wp\/v2\/posts\/127627","targetHints":{"allow":["GET"]}}],"collection":[{"href":"https:\/\/www.europesays.com\/se\/wp-json\/wp\/v2\/posts"}],"about":[{"href":"https:\/\/www.europesays.com\/se\/wp-json\/wp\/v2\/types\/post"}],"author":[{"embeddable":true,"href":"https:\/\/www.europesays.com\/se\/wp-json\/wp\/v2\/users\/2"}],"replies":[{"embeddable":true,"href":"https:\/\/www.europesays.com\/se\/wp-json\/wp\/v2\/comments?post=127627"}],"version-history":[{"count":0,"href":"https:\/\/www.europesays.com\/se\/wp-json\/wp\/v2\/posts\/127627\/revisions"}],"wp:featuredmedia":[{"embeddable":true,"href":"https:\/\/www.europesays.com\/se\/wp-json\/wp\/v2\/media\/127628"}],"wp:attachment":[{"href":"https:\/\/www.europesays.com\/se\/wp-json\/wp\/v2\/media?parent=127627"}],"wp:term":[{"taxonomy":"category","embeddable":true,"href":"https:\/\/www.europesays.com\/se\/wp-json\/wp\/v2\/categories?post=127627"},{"taxonomy":"post_tag","embeddable":true,"href":"https:\/\/www.europesays.com\/se\/wp-json\/wp\/v2\/tags?post=127627"}],"curies":[{"name":"wp","href":"https:\/\/api.w.org\/{rel}","templated":true}]}}