{"id":127631,"date":"2026-01-06T19:38:22","date_gmt":"2026-01-06T19:38:22","guid":{"rendered":"https:\/\/www.europesays.com\/se\/127631\/"},"modified":"2026-01-06T19:38:22","modified_gmt":"2026-01-06T19:38:22","slug":"adam-kais-fran-snabba-cash-forelaser-for-unga-vastgota-bladet","status":"publish","type":"post","link":"https:\/\/www.europesays.com\/se\/127631\/","title":{"rendered":"Adam Kais fr\u00e5n Snabba cash f\u00f6rel\u00e4ser f\u00f6r unga \u2013 V\u00e4stg\u00f6ta-Bladet"},"content":{"rendered":"<p>F\u00f6rortsomr\u00e5det i Nyk\u00f6ping pr\u00e4glades av kriminalitet och en k\u00e4nsla av att m\u00f6jligheterna var f\u00e5. Det var h\u00e4r Adam Kais v\u00e4xte upp och h\u00f6ll fast vid den dr\u00f6m som f\u00f6rst tog honom till Teaterh\u00f6gskolan i Malm\u00f6 och sedan till sk\u00e5despelaryrket. H\u00e4rom\u00e5ret kom Adam Kais genombrott med Netflix-serien Snabba cash och nu i vinter \u00e4r han aktuell som en av r\u00f6sterna i den animerade filmen Handbok f\u00f6r superhj\u00e4ltar. <\/p>\n","protected":false},"excerpt":{"rendered":"F\u00f6rortsomr\u00e5det i Nyk\u00f6ping pr\u00e4glades av kriminalitet och en k\u00e4nsla av att m\u00f6jligheterna var f\u00e5. Det var h\u00e4r Adam&hellip;\n","protected":false},"author":2,"featured_media":127632,"comment_status":"","ping_status":"","sticky":false,"template":"","format":"standard","meta":{"footnotes":""},"categories":[67],"tags":[104,34,31,33,32,30,105],"class_list":{"0":"post-127631","1":"post","2":"type-post","3":"status-publish","4":"format-standard","5":"has-post-thumbnail","7":"category-underhallning","8":"tag-entertainment","9":"tag-se","10":"tag-svenska","11":"tag-sverige","12":"tag-sweden","13":"tag-swedish","14":"tag-underhallning"},"share_on_mastodon":{"url":"https:\/\/pubeurope.com\/@se\/115849848599289068","error":""},"_links":{"self":[{"href":"https:\/\/www.europesays.com\/se\/wp-json\/wp\/v2\/posts\/127631","targetHints":{"allow":["GET"]}}],"collection":[{"href":"https:\/\/www.europesays.com\/se\/wp-json\/wp\/v2\/posts"}],"about":[{"href":"https:\/\/www.europesays.com\/se\/wp-json\/wp\/v2\/types\/post"}],"author":[{"embeddable":true,"href":"https:\/\/www.europesays.com\/se\/wp-json\/wp\/v2\/users\/2"}],"replies":[{"embeddable":true,"href":"https:\/\/www.europesays.com\/se\/wp-json\/wp\/v2\/comments?post=127631"}],"version-history":[{"count":0,"href":"https:\/\/www.europesays.com\/se\/wp-json\/wp\/v2\/posts\/127631\/revisions"}],"wp:featuredmedia":[{"embeddable":true,"href":"https:\/\/www.europesays.com\/se\/wp-json\/wp\/v2\/media\/127632"}],"wp:attachment":[{"href":"https:\/\/www.europesays.com\/se\/wp-json\/wp\/v2\/media?parent=127631"}],"wp:term":[{"taxonomy":"category","embeddable":true,"href":"https:\/\/www.europesays.com\/se\/wp-json\/wp\/v2\/categories?post=127631"},{"taxonomy":"post_tag","embeddable":true,"href":"https:\/\/www.europesays.com\/se\/wp-json\/wp\/v2\/tags?post=127631"}],"curies":[{"name":"wp","href":"https:\/\/api.w.org\/{rel}","templated":true}]}}