{"id":127677,"date":"2026-01-06T20:48:19","date_gmt":"2026-01-06T20:48:19","guid":{"rendered":"https:\/\/www.europesays.com\/se\/127677\/"},"modified":"2026-01-06T20:48:19","modified_gmt":"2026-01-06T20:48:19","slug":"robert-ohlsson-irriterad-frolunda-fick-mal-bortdomt-mot-linkoping","status":"publish","type":"post","link":"https:\/\/www.europesays.com\/se\/127677\/","title":{"rendered":"Robert Ohlsson irriterad \u2013 Fr\u00f6lunda fick m\u00e5l bortd\u00f6mt mot Link\u00f6ping"},"content":{"rendered":"<p><strong><a href=\"https:\/\/hockeysverige.se\/klubb\/frolunda-hc\" rel=\"nofollow noopener\" target=\"_blank\">Fr\u00f6lunda<\/a> trodde de hade kvitterat mot <a href=\"https:\/\/hockeysverige.se\/klubb\/linkoping-hc\" rel=\"nofollow noopener\" target=\"_blank\">Link\u00f6ping<\/a> i slutminuterna n\u00e4r pucken s\u00e5g ut att vara \u00f6ver m\u00e5llinjen.<br \/>Men enligt domarna gick det inte att bekr\u00e4fta att pucken var inne. <br \/>\u2013 Det \u00e4r solklart m\u00e5l, s\u00e4ger tr\u00e4naren Robert Ohlsson till TV4. <br \/>\u2013 N\u00e4r man ser bilderna tycker jag att pucken \u00e4r i n\u00e4t, s\u00e4ger experten Sanny Lindstr\u00f6m. <\/strong><\/p>\n<p><img loading=\"lazy\" decoding=\"async\" width=\"1024\" height=\"658\" src=\"https:\/\/www.europesays.com\/se\/wp-content\/uploads\/2026\/01\/Ohlsson-Ignatjew-1024x658.webp.webp\" alt=\"Robert Ohlsson. Fr\u00f6lunda.\" class=\"wp-image-342560\"  \/>Robert Ohlsson och Fr\u00f6lunda tyckte att pucken var \u00f6ver m\u00e5llinjen. <strong>Foto:<\/strong> TV4\/Sk\u00e4rmdump<\/p>\n<p>Fr\u00f6lunda har varit \u00f6verl\u00e4gsna i <a href=\"https:\/\/hockeysverige.se\/shl\" rel=\"nofollow noopener\" target=\"_blank\">SHL<\/a> under \u00e5rets s\u00e4song. Inf\u00f6r trettondagens bortamatch mot Link\u00f6ping hade g\u00f6teborgarna vunnit hela tolv raka matcher i SHL. Vid seger i dag skulle Fr\u00f6lunda ha den tredje l\u00e4ngsta segersviten i SHL:s historia, rekordet innehas av F\u00e4rjestad (2000\/01) och Skellefte\u00e5 (2022\/23) som b\u00e5da vunnit 16 matcher i rad. <\/p>\n<p>I \u00d6sterg\u00f6tland hamnade serieledarna d\u00e4remot i underl\u00e4ge mot bottenlaget Link\u00f6ping. Det var LHC-kaptenen <a href=\"https:\/\/hockeysverige.se\/spelare\/christoffer-ehn\" rel=\"nofollow noopener\" target=\"_blank\">Christoffer Ehn<\/a> som klev fram och gav hemmalaget ledningen. Fr\u00f6lunda kvitterade d\u00e4remot genom backen Tom Nilsson, men i slutet av f\u00f6rsta perioden \u00e5tertog Link\u00f6ping ledningen. Ett passning av Nick Shore styrdes in via <a href=\"https:\/\/hockeysverige.se\/spelare\/jakub-vrana\" rel=\"nofollow noopener\" target=\"_blank\">Jakub Vr\u00e1na<\/a>s skridsko f\u00f6r 2-1 till Link\u00f6ping. <\/p>\n<p>Det blev sedan m\u00e5ll\u00f6st i andra perioden och Fr\u00f6lunda var inte n\u00f6jda med insatsen efter 40 minuter d\u00e4r de allts\u00e5 var i underl\u00e4ge mot LHC. <\/p>\n<p>\u2013 Fr\u00f6lunda kommer inte alls upp i sin normala standard, s\u00e4ger TV4-experten Staffan Kronwall. <\/p>\n<p>Fr\u00f6lundas ilska efter bortd\u00f6mda m\u00e5let: \u201dSolklart m\u00e5l\u201d<\/p>\n<p>Med bara tv\u00e5 minuter kvar att spela trodde Fr\u00f6lunda sedan att de hade f\u00e5tt in en kvittering. Arttu Ruotsalainen sk\u00f6t ett skott som Waltteri Ignatjew r\u00e4ddade med plockhandsken. I samband med r\u00e4ddningen gick Ignatjews plockhandske dock \u00f6ver m\u00e5llinjen och pucken syns i m\u00e5lvaktens plockhandske. Fr\u00f6lunda jublade f\u00f6r m\u00e5l men domarna valde att granska situationen. Efter videobed\u00f6mning kunde domarna inte bekr\u00e4fta om pucken var \u00f6ver m\u00e5llinjen eller inte. D\u00e4rf\u00f6r blev det inget m\u00e5l. I st\u00e4llet kunde Link\u00f6ping vinna med 2-1. <\/p>\n<p>TV4-experten Sanny Lindstr\u00f6m menade att det troligtvis borde ha varit m\u00e5l. <\/p>\n<p>\u2013 Jag kan ju anta att pucken \u00e4r i m\u00e5l. N\u00e4r man ser p\u00e5 bilderna tycker jag att jag ser pucken i n\u00e4t. Jag antar att den \u00e4r inne, men de (domarna) kan ju inte bekr\u00e4fta det, s\u00e4ger Lindstr\u00f6m. <\/p>\n<p>Fr\u00f6lundas huvudtr\u00e4nare Robert Ohlsson menade ocks\u00e5 att det borde ha varit ett godk\u00e4nt m\u00e5l. <\/p>\n<p>\u2013 Solklart m\u00e5l. Jag fr\u00e5ga Routsalainen och han tyckte att pucken var inne. Han sade att n\u00e4tet p\u00e5 plocken var \u00f6ver m\u00e5llinjen, han s\u00e5g v\u00e4l det ganska bra fr\u00e5n sin vinkel. Men jag tror inte att m\u00e5lkameran riktigt ser det fr\u00e5n sin vinkel, s\u00e4ger Ohlsson till TV4. <\/p>\n<p>Domarens f\u00f6rklaring: \u201dKan inte avg\u00f6ra om pucken \u00e4r inne\u201d<\/p>\n<p>Huvuddomaren Andreas Harnebring f\u00f6rklarade sedan hur de s\u00e5g p\u00e5 situationen, och varf\u00f6r det inte blev m\u00e5l. <\/p>\n<p>\u2013 Vi har blockering, ej m\u00e5l, p\u00e5 isen. Det \u00e4r en v\u00e4ldigt tajt situation, det ser jag p\u00e5 en g\u00e5ng, och Fr\u00f6lunda-spelarna jublar. N\u00e4r vi ser bilderna, b\u00e5de uppifr\u00e5n och bilderna som situationsrummet har att tillg\u00e5, d\u00e5 kan vi inte avg\u00f6ra om pucken \u00e4r helt \u00f6ver m\u00e5llinjen eller inte. D\u00e5 kvarst\u00e5r det initiala beslutet som vi har p\u00e5 isen, allts\u00e5 ej m\u00e5l, s\u00e4ger Harnebring och forts\u00e4tter: <br \/>\u2013 Man kan anta att pucken m\u00f6jligen \u00e4r \u00f6ver m\u00e5llinjen, men det \u00e4r tajt, och vi kan inte fastst\u00e4lla det med 100 procents s\u00e4kerhet. D\u00e4rf\u00f6r kan vi inte godk\u00e4nna det h\u00e4r potentiella m\u00e5let heller.<\/p>\n<p>I och med resultaten har Fr\u00f6lundas tolv matcher l\u00e5nga segersvit nu kommit till sin \u00e4nda. <\/p>\n<p><strong>Link\u00f6ping \u2013 Fr\u00f6lunda 2\u20131 (2-1,0-0,0-0)<\/strong><\/p>\n<p><strong>Link\u00f6ping: <\/strong>Christoffer Ehn, Jakub Vrana. <br \/><strong>Fr\u00f6lunda: <\/strong>Tom Nilsson. <\/p>\n<p> Source: <a href=\"https:\/\/www.eliteprospects.com\/league\/shl\" target=\"_blank\" rel=\"noopener noreferrer nofollow\">SHL League Page<\/a> @ Elite Prospects<\/p>\n","protected":false},"excerpt":{"rendered":"Fr\u00f6lunda trodde de hade kvitterat mot Link\u00f6ping i slutminuterna n\u00e4r pucken s\u00e5g ut att vara \u00f6ver m\u00e5llinjen.Men enligt&hellip;\n","protected":false},"author":2,"featured_media":127678,"comment_status":"","ping_status":"","sticky":false,"template":"","format":"standard","meta":{"footnotes":""},"categories":[5],"tags":[22,23,26,27,17,21,24,25,28,29,15,16,18,34,133,134,31,33,32,30,19,20],"class_list":{"0":"post-127677","1":"post","2":"type-post","3":"status-publish","4":"format-standard","5":"has-post-thumbnail","7":"category-rubriker","8":"tag-breaking-news","9":"tag-breakingnews","10":"tag-featured-news","11":"tag-featurednews","12":"tag-headlines","13":"tag-huvudnyheter","14":"tag-latest-news","15":"tag-latestnews","16":"tag-main-news","17":"tag-mainnews","18":"tag-news","19":"tag-nyheter","20":"tag-rubriker","21":"tag-se","22":"tag-second-news","23":"tag-shl","24":"tag-svenska","25":"tag-sverige","26":"tag-sweden","27":"tag-swedish","28":"tag-top-stories","29":"tag-topstories"},"share_on_mastodon":{"url":"https:\/\/pubeurope.com\/@se\/115850123851706091","error":""},"_links":{"self":[{"href":"https:\/\/www.europesays.com\/se\/wp-json\/wp\/v2\/posts\/127677","targetHints":{"allow":["GET"]}}],"collection":[{"href":"https:\/\/www.europesays.com\/se\/wp-json\/wp\/v2\/posts"}],"about":[{"href":"https:\/\/www.europesays.com\/se\/wp-json\/wp\/v2\/types\/post"}],"author":[{"embeddable":true,"href":"https:\/\/www.europesays.com\/se\/wp-json\/wp\/v2\/users\/2"}],"replies":[{"embeddable":true,"href":"https:\/\/www.europesays.com\/se\/wp-json\/wp\/v2\/comments?post=127677"}],"version-history":[{"count":0,"href":"https:\/\/www.europesays.com\/se\/wp-json\/wp\/v2\/posts\/127677\/revisions"}],"wp:featuredmedia":[{"embeddable":true,"href":"https:\/\/www.europesays.com\/se\/wp-json\/wp\/v2\/media\/127678"}],"wp:attachment":[{"href":"https:\/\/www.europesays.com\/se\/wp-json\/wp\/v2\/media?parent=127677"}],"wp:term":[{"taxonomy":"category","embeddable":true,"href":"https:\/\/www.europesays.com\/se\/wp-json\/wp\/v2\/categories?post=127677"},{"taxonomy":"post_tag","embeddable":true,"href":"https:\/\/www.europesays.com\/se\/wp-json\/wp\/v2\/tags?post=127677"}],"curies":[{"name":"wp","href":"https:\/\/api.w.org\/{rel}","templated":true}]}}