{"id":127687,"date":"2026-01-06T21:14:38","date_gmt":"2026-01-06T21:14:38","guid":{"rendered":"https:\/\/www.europesays.com\/se\/127687\/"},"modified":"2026-01-06T21:14:38","modified_gmt":"2026-01-06T21:14:38","slug":"publikinformation-brynas-vaxjo-brynas-if","status":"publish","type":"post","link":"https:\/\/www.europesays.com\/se\/127687\/","title":{"rendered":"Publikinformation: Bryn\u00e4s &#8211; V\u00e4xj\u00f6 | Bryn\u00e4s IF"},"content":{"rendered":"<p class=\"article-intro\" data-v-7040d6fb=\"\">Vi g\u00e5r mot fullsatt ikv\u00e4ll. Fr\u00e5n l\u00e4ktaren till isen &#8211; en f\u00f6r alla, alla f\u00f6r Bryn\u00e4s!<\/p>\n<p>Publiken &#8211; v\u00e5r sjunde spelare!<\/p>\n<p class=\"paragraph text-left\"> <strong>Tillsammans \u00e4r vi Bryn\u00e4s IF och det \u00e4r tillsammans som vi skapar nya minnen och g\u00e5r mot nya segrar. Fr\u00e5n l\u00e4ktaren \u00e4nda ner till isen. Tack f\u00f6r ert engagemang.\u00a0<\/strong> <\/p>\n<ul>\n<li>B\u00e4r halsduk och skapa tillsammans med dina Bryn\u00e4sv\u00e4nner en svartgulr\u00f6d inramning.\u00a0<\/li>\n<li>Bryn\u00e4s IF uppmanar till en aktiv sittplats. Detta inneb\u00e4r att vi mer \u00e4n g\u00e4rna ser v\u00e5ra sittplatsbes\u00f6kare h\u00e4nga med i klacken och ge laget sitt fulla st\u00f6d till tre po\u00e4ng. Om du har biljett p\u00e5 aktiv sittplats kan skymd sikt delvis f\u00f6rekomma.\u00a0<\/li>\n<li>Lyssna p\u00e5 klackledare och st\u00e4m in i s\u00e5ngen p\u00e5 hemmast\u00e5<\/li>\n<li>Vid utdelning av flaggor &#8211; v\u00e4nligen l\u00e4mna kvar dessa p\u00e5 l\u00e4ktaren efter matchens slut.<\/li>\n<\/ul>\n<p>Biljettl\u00e4get:<\/p>\n<p class=\"paragraph text-left\"> <strong>Totalt antal s\u00e5lda biljetter: 7500<\/strong><strong>\/7909<\/strong> <\/p>\n<p class=\"paragraph text-left\"> <strong>Antal s\u00e5lda biljetter i klacken: 620<\/strong><strong>\/995<\/strong><strong>\u00a0<\/strong> <\/p>\n<p class=\"paragraph text-left\"> <strong>Antal s\u00e5lda biljetter bortast\u00e5: 10<\/strong><strong>\/150<\/strong> <\/p>\n<p>Praktisk information:<\/p>\n<p class=\"paragraph text-left\"> <strong>Matchstart:\u00a0<\/strong>18:00 <\/p>\n<p class=\"paragraph text-left\"> <strong>Arenan \u00f6ppnar:\u00a0<\/strong>16:00 <\/p>\n<p class=\"paragraph text-left\"> <strong>Uppladdning innan matchen:<\/strong> <\/p>\n<p class=\"paragraph text-left\"> F\u00f6r supportrar som vill ladda upp innan match och samlas under match i paus exempelvis s\u00e5 rekommenderas v\u00e5r \u201dklack-pub\u201d \u2013 SM-baren. <\/p>\n<p class=\"paragraph text-left\"> <strong>Information &#8211; g\u00e4stande lag:<\/strong> <\/p>\n<ul>\n<li>G\u00e4stande bortast\u00e5-supportrar g\u00e5r in via bortast\u00e5 sektionen. Bortasitt-supportrar g\u00e5r in via vanliga entr\u00e9n.\u00a0\u00a0\u00a0<\/li>\n<li>Klass III \u00f6l serveras i alla barer.\u00a0\u00a0\u00a0<\/li>\n<li>Arenan \u00e4r helt r\u00f6kfri.\u00a0\u00a0\u00a0<\/li>\n<\/ul>\n<p class=\"paragraph text-left\"> <strong>Full fart fram\u00e5t p\u00e5 l\u00e4ktaren, Bryn\u00e4sare!<\/strong> <\/p>\n<p class=\"paragraph text-left\"> <strong>Vid fr\u00e5gor inf\u00f6r ditt bes\u00f6k kan du kontakta antingen\u00a0<\/strong><strong><a target=\"_blank\" href=\"http:\/\/www.brynas.se\/cdn-cgi\/l\/email-protection#d3bfb6bab5fdbfbabdb7a0a7a1bcbe93b1a1aabdb2a0fda0b6\" rel=\"nofollow noopener\">[email\u00a0protected]<\/a><\/strong><strong>\u00a0eller\u00a0<\/strong><strong><a target=\"_blank\" href=\"http:\/\/www.brynas.se\/cdn-cgi\/l\/email-protection#c7afa2a9b5aeace9a2b5aea4b4b4a8a987a5b5bea9a6b4e9b4a2\" rel=\"nofollow noopener\">[email\u00a0protected]<\/a><\/strong><strong>\u00a0<\/strong> <\/p>\n","protected":false},"excerpt":{"rendered":"Vi g\u00e5r mot fullsatt ikv\u00e4ll. Fr\u00e5n l\u00e4ktaren till isen &#8211; en f\u00f6r alla, alla f\u00f6r Bryn\u00e4s! Publiken &#8211;&hellip;\n","protected":false},"author":2,"featured_media":127688,"comment_status":"","ping_status":"","sticky":false,"template":"","format":"standard","meta":{"footnotes":""},"categories":[68],"tags":[34,111,110,31,33,32,30],"class_list":{"0":"post-127687","1":"post","2":"type-post","3":"status-publish","4":"format-standard","5":"has-post-thumbnail","7":"category-sport","8":"tag-se","9":"tag-sport","10":"tag-sports","11":"tag-svenska","12":"tag-sverige","13":"tag-sweden","14":"tag-swedish"},"share_on_mastodon":{"url":"https:\/\/pubeurope.com\/@se\/115850226062221920","error":""},"_links":{"self":[{"href":"https:\/\/www.europesays.com\/se\/wp-json\/wp\/v2\/posts\/127687","targetHints":{"allow":["GET"]}}],"collection":[{"href":"https:\/\/www.europesays.com\/se\/wp-json\/wp\/v2\/posts"}],"about":[{"href":"https:\/\/www.europesays.com\/se\/wp-json\/wp\/v2\/types\/post"}],"author":[{"embeddable":true,"href":"https:\/\/www.europesays.com\/se\/wp-json\/wp\/v2\/users\/2"}],"replies":[{"embeddable":true,"href":"https:\/\/www.europesays.com\/se\/wp-json\/wp\/v2\/comments?post=127687"}],"version-history":[{"count":0,"href":"https:\/\/www.europesays.com\/se\/wp-json\/wp\/v2\/posts\/127687\/revisions"}],"wp:featuredmedia":[{"embeddable":true,"href":"https:\/\/www.europesays.com\/se\/wp-json\/wp\/v2\/media\/127688"}],"wp:attachment":[{"href":"https:\/\/www.europesays.com\/se\/wp-json\/wp\/v2\/media?parent=127687"}],"wp:term":[{"taxonomy":"category","embeddable":true,"href":"https:\/\/www.europesays.com\/se\/wp-json\/wp\/v2\/categories?post=127687"},{"taxonomy":"post_tag","embeddable":true,"href":"https:\/\/www.europesays.com\/se\/wp-json\/wp\/v2\/tags?post=127687"}],"curies":[{"name":"wp","href":"https:\/\/api.w.org\/{rel}","templated":true}]}}