{"id":127692,"date":"2026-01-06T21:20:20","date_gmt":"2026-01-06T21:20:20","guid":{"rendered":"https:\/\/www.europesays.com\/se\/127692\/"},"modified":"2026-01-06T21:20:20","modified_gmt":"2026-01-06T21:20:20","slug":"buss-korde-in-i-ortodox-demonstration-en-dod","status":"publish","type":"post","link":"https:\/\/www.europesays.com\/se\/127692\/","title":{"rendered":"Buss k\u00f6rde in i ortodox demonstration \u2013 en d\u00f6d"},"content":{"rendered":"<p>share-arrowDela<\/p>\n<p>unsaveSpara<\/p>\n<p>expand-left<\/p>\n<p>helsk\u00e4rm<img decoding=\"async\" class=\"image-asset hyperion-css-u06ts1\" data-test-tag=\"image-asset\" src=\"https:\/\/www.europesays.com\/se\/wp-content\/uploads\/2026\/01\/cb5c8b90-9d79-4faf-b167-a54fe56dac86.jpeg\"  alt=\"Israelisk polis unders\u00f6ker en buss som k\u00f6rt p\u00e5 demonstranter i Jerusalem.\"  loading=\"eager\" fetchpriority=\"high\" style=\"aspect-ratio:1900 \/ 1267\"\/>Israelisk polis unders\u00f6ker en buss som k\u00f6rt p\u00e5 demonstranter i Jerusalem. Foto: Ohad Zwigenberg\/AP\/TT<\/p>\n<p class=\"hyperion-css-1shl3oz\" data-test-tag=\"lead-text\">En 18-\u00e5ring dog n\u00e4r en buss k\u00f6rde in i en demonstration i Jerusalem d\u00e4r 15\u00a0000 ultraortodoxa judar protesterade mot att de tvingas g\u00f6ra milit\u00e4rtj\u00e4nst, rapporterar israeliska medier.<\/p>\n<p class=\"hyperion-css-1v9qo5x\">Den stora demonstrationen genomf\u00f6rdes efter stora br\u00e5k i s\u00f6ndags, n\u00e4r demonstranter f\u00f6rs\u00f6kte stoppa n\u00e5gra hundra ortodoxa som frivilligt anm\u00e4lde sig f\u00f6r milit\u00e4rtj\u00e4nst, vilket ledde till sammandrabbningar med polis.<\/p>\n<p class=\"hyperion-css-1v9qo5x\">\u00c4ven p\u00e5 tisdagen blev det st\u00f6kigt, n\u00e4r demonstranter t\u00e4nde eldar p\u00e5 gator i Jerusalem och attackerade journalister som rapporterade om protesten, skriver The Times of Israel.<\/p>\n<p class=\"hyperion-css-1v9qo5x\">P\u00e5 kv\u00e4llen k\u00f6rde en buss in i en st\u00f6rre grupp demonstranter. En ung man dog och tre skadades n\u00e4r busschauff\u00f6ren enligt egen uppgift f\u00f6rs\u00f6kte ta sig d\u00e4rifr\u00e5n, skriver Jerusalem Post. F\u00f6raren greps p\u00e5 platsen.<\/p>\n<p class=\"hyperion-css-1v9qo5x\">De flesta judiska m\u00e4n och kvinnor i Israel m\u00e5ste genomf\u00f6ra obligatorisk milit\u00e4rtj\u00e4nst vid 18 \u00e5rs \u00e5lder. Men de ultraortodoxa har tidigare f\u00e5tt undantag vid heltidsstudier i religi\u00f6sa seminarier \u2013 vilket har varit en k\u00e4lla till kritik fr\u00e5n den mer sekul\u00e4ra befolkningen.<\/p>\n<p class=\"hyperion-css-1v9qo5x\">I mitten av december drabbade hundratals ultraortodoxa judar samman med polis i Jerusalem i protest mot vad som uppgavs vara gripandet av en man som motsatt sig v\u00e4rnplikt.<\/p>\n","protected":false},"excerpt":{"rendered":"share-arrowDela unsaveSpara expand-left helsk\u00e4rmIsraelisk polis unders\u00f6ker en buss som k\u00f6rt p\u00e5 demonstranter i Jerusalem. Foto: Ohad Zwigenberg\/AP\/TT En&hellip;\n","protected":false},"author":2,"featured_media":127693,"comment_status":"","ping_status":"","sticky":false,"template":"","format":"standard","meta":{"footnotes":""},"categories":[5],"tags":[22,23,26,27,17,21,24,25,28,29,15,16,18,34,31,33,32,30,19,20],"class_list":{"0":"post-127692","1":"post","2":"type-post","3":"status-publish","4":"format-standard","5":"has-post-thumbnail","7":"category-rubriker","8":"tag-breaking-news","9":"tag-breakingnews","10":"tag-featured-news","11":"tag-featurednews","12":"tag-headlines","13":"tag-huvudnyheter","14":"tag-latest-news","15":"tag-latestnews","16":"tag-main-news","17":"tag-mainnews","18":"tag-news","19":"tag-nyheter","20":"tag-rubriker","21":"tag-se","22":"tag-svenska","23":"tag-sverige","24":"tag-sweden","25":"tag-swedish","26":"tag-top-stories","27":"tag-topstories"},"share_on_mastodon":{"url":"https:\/\/pubeurope.com\/@se\/115850249662042033","error":""},"_links":{"self":[{"href":"https:\/\/www.europesays.com\/se\/wp-json\/wp\/v2\/posts\/127692","targetHints":{"allow":["GET"]}}],"collection":[{"href":"https:\/\/www.europesays.com\/se\/wp-json\/wp\/v2\/posts"}],"about":[{"href":"https:\/\/www.europesays.com\/se\/wp-json\/wp\/v2\/types\/post"}],"author":[{"embeddable":true,"href":"https:\/\/www.europesays.com\/se\/wp-json\/wp\/v2\/users\/2"}],"replies":[{"embeddable":true,"href":"https:\/\/www.europesays.com\/se\/wp-json\/wp\/v2\/comments?post=127692"}],"version-history":[{"count":0,"href":"https:\/\/www.europesays.com\/se\/wp-json\/wp\/v2\/posts\/127692\/revisions"}],"wp:featuredmedia":[{"embeddable":true,"href":"https:\/\/www.europesays.com\/se\/wp-json\/wp\/v2\/media\/127693"}],"wp:attachment":[{"href":"https:\/\/www.europesays.com\/se\/wp-json\/wp\/v2\/media?parent=127692"}],"wp:term":[{"taxonomy":"category","embeddable":true,"href":"https:\/\/www.europesays.com\/se\/wp-json\/wp\/v2\/categories?post=127692"},{"taxonomy":"post_tag","embeddable":true,"href":"https:\/\/www.europesays.com\/se\/wp-json\/wp\/v2\/tags?post=127692"}],"curies":[{"name":"wp","href":"https:\/\/api.w.org\/{rel}","templated":true}]}}