{"id":127700,"date":"2026-01-06T21:28:31","date_gmt":"2026-01-06T21:28:31","guid":{"rendered":"https:\/\/www.europesays.com\/se\/127700\/"},"modified":"2026-01-06T21:28:31","modified_gmt":"2026-01-06T21:28:31","slug":"iran-pressas-av-ekonomisk-kollaps-och-protester","status":"publish","type":"post","link":"https:\/\/www.europesays.com\/se\/127700\/","title":{"rendered":"Iran pressas av ekonomisk kollaps och protester"},"content":{"rendered":"<p>Publicerad 6 jan 2026 kl 12.45Uppdaterad kl 16.25<\/p>\n<p>Protesterna rasar i Iran.\u00a0<\/p>\n<p>Ekonomisk kollaps, nya protester och milit\u00e4r svaghet har f\u00f6rsatt regimen i en djup legitimitetskris, enligt Mellan\u00f6sternexperten Alexander Atarodi.<\/p>\n<p>\u2013 Iran upplevs som v\u00e4ldigt s\u00e5rbart, s\u00e4ger han.<\/p>\n<p>Barn bland d\u00f6dsoffren vid protesterna.<img loading=\"lazy\"   alt=\"\"\/><\/p>\n<p>Alexander Atarodi, Mellan\u00f6sternexpert.<\/p>\n<p>Foto: FOI \/ FOI<\/p>\n<p>\u00d6ppna bild i helsk\u00e4rm<img loading=\"lazy\"   alt=\"\"\/><\/p>\n<p>Demonstranter br\u00e4nner den Iranska flaggan.<\/p>\n<p>Foto: PHOTO BY AMANDA ROSE \/ AVALON \/ STELLA PICTURES<\/p>\n<p>\u00d6ppna bild i helsk\u00e4rm<img loading=\"lazy\"   alt=\"\"\/><\/p>\n<p>Muralm\u00e5lning av Irans h\u00f6gste ledare ayatolla Ali Khamenei och den islamiska republikens grundare ayatolla Ruhollah Khomeini i Teheran.<\/p>\n<p>Foto: ABEDIN TAHERKENAREH \/ EPA<\/p>\n<p>\u00d6ppna bild i helsk\u00e4rm<img loading=\"lazy\"   alt=\"\"\/><\/p>\n<p>Ayatolla Ali Khamenei uppges ha planer p\u00e5 att fly landet \u2013 om milit\u00e4ren inte lyckas h\u00e5lla demonstranterna st\u00e5ngen.<\/p>\n<p>Foto: IRANIAN SUPREME LEADER&#8217;S OFFICE \/ STELLA PICTURES<\/p>\n<p>\u00d6ppna bild i helsk\u00e4rmArtikeln i korthet<\/p>\n<p> Iran pressas av ekonomisk kollaps och protester.<\/p>\n<p> Regimen har f\u00f6rlorat legitimitet p\u00e5 flera fronter, enligt en Mellan\u00f6sternexpert.<\/p>\n<p> \u00d6ver 1500 avr\u00e4ttningar under \u00e5ret, enligt Iran Human Rights.<\/p>\n<p> Milit\u00e4r svaghet g\u00f6r landet extra s\u00e5rbart.<\/p>\n<p>Visa mer<\/p>\n<p>Protesterna, som nu omfattar 26 av 31 regioner i landet,<a href=\"https:\/\/www.expressen.se\/nyheter\/varlden\/protester-i-iran-tredje-dagen-i-rad\/\" rel=\"nofollow noopener\" target=\"_blank\"> br\u00f6t ut i slutet av december och har fortsatt in i det nya \u00e5ret<\/a>.\u00a0<\/p>\n<p>Minst 19 demonstranter och en s\u00e4kerhetsanst\u00e4lld har d\u00f6dats i protesterna, enligt BBC. Aktivister uppger att d\u00f6dstalet natten till tisdag var uppe i 35 personer. Ett par av dem uppges vara barn. \u00d6ver 1 200 personer har gripits.\u00a0<\/p>\n<p>Utvecklingen fick USA:s president Donald Trump att g\u00e5 ut och varna landet.<\/p>\n<p>\u2013 Vi f\u00f6ljer det mycket noga. Om de b\u00f6rjar d\u00f6da m\u00e4nniskor som de har gjort tidigare tror jag att de kommer att drabbas h\u00e5rt av USA, sade han till reportrar ombord p\u00e5 Air Force One.<\/p>\n<p>Samtidigt kommer uppgifter om att landets h\u00f6gsta ledare, ayatollan Khamenei, har planer p\u00e5 att fly till Moskva med sina n\u00e4rmsta om regimen faller.\u00a0<\/p>\n<p>Ekonomin i botten<\/p>\n<p>Den iranska valutan har rasat och inflationen \u00e4r h\u00f6g. Sanktionerna har slagit h\u00e5rt mot landets ekonomi och oljeint\u00e4kterna \u00e4r kraftigt begr\u00e4nsade.\u00a0<\/p>\n<p>\u2013 Det som \u00e4r unikt i dag \u00e4r att regimen har f\u00f6rlorat legitimitet p\u00e5 flera fronter samtidigt, s\u00e4ger Mellan\u00f6sternexperten Alexander Atarodi.<\/p>\n<p>\u2013 <a href=\"https:\/\/www.expressen.se\/tagg\/location\/iran\/\" class=\"\" rel=\"nofollow noopener\" target=\"_blank\">Iran<\/a> kan knappt g\u00f6ra internationella transaktioner. Oljan s\u00e4ljs i praktiken p\u00e5 svarta marknaden till l\u00e4nder som Kina och Indien.<\/p>\n<p>Missn\u00f6jet bottnar dock inte enbart i ekonomin.<\/p>\n<p>\u2013 F\u00f6r folket har det blivit uppenbart att enorma resurser har lagts p\u00e5 att bygga inflytande utanf\u00f6r Iran, till exempel att investera i Hamas och Hizbollah, utan att det gett n\u00e5got tillbaka. Iran \u00e4r fortfarande s\u00e5rbart och of\u00f6rm\u00f6get att f\u00f6rsvara sig.<\/p>\n<p>\u201dKorthus som fallerat\u201d<\/p>\n<p>Samtidigt har Irans sj\u00e4lvbild som regional stormakt f\u00e5tt sig en allvarlig t\u00f6rn. B\u00e5de Israel och USA har genomf\u00f6rt attacker inne i Iran utan n\u00e4mnv\u00e4rt iranskt motst\u00e5nd.<\/p>\n<p>\u2013 Regimen har byggt en ber\u00e4ttelse om avskr\u00e4ckningsf\u00f6rm\u00e5ga och milit\u00e4r styrka. Nu har det blivit uppenbart f\u00f6r hela regionen att det h\u00e4r korthuset har fallerat, s\u00e4ger Atarodi.<\/p>\n<p>Trots risken f\u00f6r repression forts\u00e4tter m\u00e4nniskor att g\u00e5 ut p\u00e5 gatorna.<\/p>\n<p>Annons<\/p>\n<p>\u2013 N\u00e4r man inte har mat p\u00e5 bordet till sina barn f\u00f6rsvinner r\u00e4dslan. Dessutom uppfattar m\u00e5nga att regimen \u00e4r svagare \u00e4n tidigare.<\/p>\n<p>Busch: \u201dBlod p\u00e5 sina h\u00e4nder\u201d<\/p>\n<p>Alexander Atarodi vill inte sia om regimens framtid, men konstaterar att trycket aldrig varit st\u00f6rre.<\/p>\n<p>\u2013 Det finns en legitimitetskris, politiska och ekonomiska p\u00e5tryckningar och ett extremt s\u00e5rbart s\u00e4kerhetspolitiskt l\u00e4ge. Det \u00e4r en kraftfull kombination.<\/p>\n<p>\u00c4ven i Sverige uppm\u00e4rksammas situationen i Iran. Energi- och n\u00e4ringsminister Ebba Busch (KD) skriver i ett inl\u00e4gg p\u00e5 X att man st\u00e5r bakom det iranska folkets frihetskamp.\u00a0<\/p>\n<p>\u201dIslamiska regimen i Iran har blod p\u00e5 sina h\u00e4nder. Historiens dom kommer vara h\u00e5rd \u00f6ver dem som legitimerat f\u00f6rtrycket. Det iranska folkets l\u00e4ngtan efter frihet m\u00e5ste m\u00f6tas av v\u00e5rt samlade st\u00f6d.\u201d<\/p>\n","protected":false},"excerpt":{"rendered":"Publicerad 6 jan 2026 kl 12.45Uppdaterad kl 16.25 Protesterna rasar i Iran.\u00a0 Ekonomisk kollaps, nya protester och milit\u00e4r&hellip;\n","protected":false},"author":2,"featured_media":127701,"comment_status":"","ping_status":"","sticky":false,"template":"","format":"standard","meta":{"footnotes":""},"categories":[5],"tags":[22,23,26,27,17,21,24,25,971,28,29,15,16,874,18,34,55,31,33,32,30,19,60,151,20],"class_list":{"0":"post-127700","1":"post","2":"type-post","3":"status-publish","4":"format-standard","5":"has-post-thumbnail","7":"category-rubriker","8":"tag-breaking-news","9":"tag-breakingnews","10":"tag-featured-news","11":"tag-featurednews","12":"tag-headlines","13":"tag-huvudnyheter","14":"tag-latest-news","15":"tag-latestnews","16":"tag-location-iran","17":"tag-main-news","18":"tag-mainnews","19":"tag-news","20":"tag-nyheter","21":"tag-person-ebba-busch","22":"tag-rubriker","23":"tag-se","24":"tag-sections-varlden","25":"tag-svenska","26":"tag-sverige","27":"tag-sweden","28":"tag-swedish","29":"tag-top-stories","30":"tag-topic-krig-konflikt","31":"tag-topic-religion","32":"tag-topstories"},"share_on_mastodon":{"url":"https:\/\/pubeurope.com\/@se\/115850281151691871","error":""},"_links":{"self":[{"href":"https:\/\/www.europesays.com\/se\/wp-json\/wp\/v2\/posts\/127700","targetHints":{"allow":["GET"]}}],"collection":[{"href":"https:\/\/www.europesays.com\/se\/wp-json\/wp\/v2\/posts"}],"about":[{"href":"https:\/\/www.europesays.com\/se\/wp-json\/wp\/v2\/types\/post"}],"author":[{"embeddable":true,"href":"https:\/\/www.europesays.com\/se\/wp-json\/wp\/v2\/users\/2"}],"replies":[{"embeddable":true,"href":"https:\/\/www.europesays.com\/se\/wp-json\/wp\/v2\/comments?post=127700"}],"version-history":[{"count":0,"href":"https:\/\/www.europesays.com\/se\/wp-json\/wp\/v2\/posts\/127700\/revisions"}],"wp:featuredmedia":[{"embeddable":true,"href":"https:\/\/www.europesays.com\/se\/wp-json\/wp\/v2\/media\/127701"}],"wp:attachment":[{"href":"https:\/\/www.europesays.com\/se\/wp-json\/wp\/v2\/media?parent=127700"}],"wp:term":[{"taxonomy":"category","embeddable":true,"href":"https:\/\/www.europesays.com\/se\/wp-json\/wp\/v2\/categories?post=127700"},{"taxonomy":"post_tag","embeddable":true,"href":"https:\/\/www.europesays.com\/se\/wp-json\/wp\/v2\/tags?post=127700"}],"curies":[{"name":"wp","href":"https:\/\/api.w.org\/{rel}","templated":true}]}}