{"id":127704,"date":"2026-01-06T21:38:39","date_gmt":"2026-01-06T21:38:39","guid":{"rendered":"https:\/\/www.europesays.com\/se\/127704\/"},"modified":"2026-01-06T21:38:39","modified_gmt":"2026-01-06T21:38:39","slug":"m-ledamot-dessa-hundar-behover-forbjudas","status":"publish","type":"post","link":"https:\/\/www.europesays.com\/se\/127704\/","title":{"rendered":"M-ledamot: \u201dDessa hundar beh\u00f6ver f\u00f6rbjudas\u201d"},"content":{"rendered":"<p>Riksdagsledamoten Fredrik K\u00e4rrholm (M) vill se ett f\u00f6rbud mot farliga hundar, skriver han p\u00e5 X. Uttalandet kommer efter nyheten om en 25-\u00e5rig kvinna \u00e5talas vid G\u00f6teborgs tingsr\u00e4tt efter att hennes hund bitit ihj\u00e4l en annan kvinna.<\/p>\n<p>\u201dHundens styrka gjorde att \u00e4garen inte kunde stoppa attacken, som d\u00e4rmed slutade i d\u00f6dlig utg\u00e5ng. Det \u00e4r uppenbart att dessa hundar beh\u00f6ver f\u00f6rbjudas\u201d, skriver M-ledamoten. <\/p>\n<p>Tidigare i h\u00f6stas l\u00e4mnade Fredrik K\u00e4rrholm in en motion om att utreda ett f\u00f6rbud mot avel och import av s\u00e4rskilt farliga hundraser. <\/p>\n<p>Omni \u00e4r politiskt obundna och oberoende. Vi str\u00e4var efter att ge fler perspektiv p\u00e5 nyheterna. Har du fr\u00e5gor eller synpunkter kring v\u00e5r rapportering? <a href=\"https:\/\/omni.se\/m-ledamot-dessa-hundar-behover-forbjudas\/a\/mailto:redaktion@omni.se\" class=\"ArticleActions_contactLink__W2F1M\" rel=\"nofollow noopener\" target=\"_blank\">Kontakta redaktionen<\/a><\/p>\n","protected":false},"excerpt":{"rendered":"Riksdagsledamoten Fredrik K\u00e4rrholm (M) vill se ett f\u00f6rbud mot farliga hundar, skriver han p\u00e5 X. Uttalandet kommer efter&hellip;\n","protected":false},"author":2,"featured_media":127705,"comment_status":"","ping_status":"","sticky":false,"template":"","format":"standard","meta":{"footnotes":""},"categories":[5],"tags":[22,23,415,26,27,13214,17,21,24,25,28,29,551,15,16,369,18,34,31,33,32,30,19,20],"class_list":{"0":"post-127704","1":"post","2":"type-post","3":"status-publish","4":"format-standard","5":"has-post-thumbnail","7":"category-rubriker","8":"tag-breaking-news","9":"tag-breakingnews","10":"tag-djur-natur","11":"tag-featured-news","12":"tag-featurednews","13":"tag-fredrik-karrholm","14":"tag-headlines","15":"tag-huvudnyheter","16":"tag-latest-news","17":"tag-latestnews","18":"tag-main-news","19":"tag-mainnews","20":"tag-moderaterna","21":"tag-news","22":"tag-nyheter","23":"tag-politik","24":"tag-rubriker","25":"tag-se","26":"tag-svenska","27":"tag-sverige","28":"tag-sweden","29":"tag-swedish","30":"tag-top-stories","31":"tag-topstories"},"share_on_mastodon":{"url":"https:\/\/pubeurope.com\/@se\/115850320428698422","error":""},"_links":{"self":[{"href":"https:\/\/www.europesays.com\/se\/wp-json\/wp\/v2\/posts\/127704","targetHints":{"allow":["GET"]}}],"collection":[{"href":"https:\/\/www.europesays.com\/se\/wp-json\/wp\/v2\/posts"}],"about":[{"href":"https:\/\/www.europesays.com\/se\/wp-json\/wp\/v2\/types\/post"}],"author":[{"embeddable":true,"href":"https:\/\/www.europesays.com\/se\/wp-json\/wp\/v2\/users\/2"}],"replies":[{"embeddable":true,"href":"https:\/\/www.europesays.com\/se\/wp-json\/wp\/v2\/comments?post=127704"}],"version-history":[{"count":0,"href":"https:\/\/www.europesays.com\/se\/wp-json\/wp\/v2\/posts\/127704\/revisions"}],"wp:featuredmedia":[{"embeddable":true,"href":"https:\/\/www.europesays.com\/se\/wp-json\/wp\/v2\/media\/127705"}],"wp:attachment":[{"href":"https:\/\/www.europesays.com\/se\/wp-json\/wp\/v2\/media?parent=127704"}],"wp:term":[{"taxonomy":"category","embeddable":true,"href":"https:\/\/www.europesays.com\/se\/wp-json\/wp\/v2\/categories?post=127704"},{"taxonomy":"post_tag","embeddable":true,"href":"https:\/\/www.europesays.com\/se\/wp-json\/wp\/v2\/tags?post=127704"}],"curies":[{"name":"wp","href":"https:\/\/api.w.org\/{rel}","templated":true}]}}