{"id":127713,"date":"2026-01-06T21:54:10","date_gmt":"2026-01-06T21:54:10","guid":{"rendered":"https:\/\/www.europesays.com\/se\/127713\/"},"modified":"2026-01-06T21:54:10","modified_gmt":"2026-01-06T21:54:10","slug":"hv71s-galna-upphamtning-lag-under-med-4-0-shl","status":"publish","type":"post","link":"https:\/\/www.europesays.com\/se\/127713\/","title":{"rendered":"HV71:s galna upph\u00e4mtning \u2013 l\u00e5g under med 4\u20130 | SHL"},"content":{"rendered":"<p>Publicerad 6 jan 2026 kl 18.27Uppdaterad kl 20.51<\/p>\n<p>Det s\u00e5g ut att bli en riktig kross av Lule\u00e5.<\/p>\n<p>Men efter 0-4 i baken vaknade HV71 \u2013 och tog matchen till \u00f6vertid.<\/p>\n<p>V\u00e4l d\u00e4r drog man det l\u00e4ngsta str\u00e5et.<\/p>\n<p><img loading=\"lazy\"   alt=\"\"\/> <\/p>\n<p>Foto: SIMON ELIASSON \/ BILDBYR\u00c5N<\/p>\n<p>\u00d6ppna bild i helsk\u00e4rm<img loading=\"lazy\"   alt=\"\"\/> <\/p>\n<p>Foto: SIMON ELIASSON \/ BILDBYR\u00c5N<\/p>\n<p>\u00d6ppna bild i helsk\u00e4rmArtikeln i korthet<\/p>\n<p> HV71 l\u00e5g under med 4\u20131 efter f\u00f6rsta perioden mot Lule\u00e5.<\/p>\n<p> Laget stod f\u00f6r en sensationell v\u00e4ndning och vann i sudden \u2013 f\u00f6rsta segern i Lule\u00e5 p\u00e5 nio \u00e5r.<\/p>\n<p> Tr\u00e4narna tog p\u00e5 sig ansvaret f\u00f6r den svaga starten.<\/p>\n<p>Visa mer<\/p>\n<p>SHL:s n\u00e4stjumbo <a href=\"https:\/\/www.expressen.se\/tagg\/organization\/hv71\/\" class=\"\" rel=\"nofollow noopener\" target=\"_blank\">HV71<\/a> upplevde en blytung f\u00f6rsta period i bortam\u00f6tet med Lule\u00e5 p\u00e5 tisdagskv\u00e4llen. Efter att ha h\u00e5llit st\u00e4llningarna i de fem inledande minuterna rasslade det till bakom Felix Sandstr\u00f6m i m\u00e5let.<\/p>\n<p>Tre g\u00e5nger \u2013 p\u00e5 fem minuter.<\/p>\n<p>M\u00e5len gjordes i tur och ordning av Jesper Sellgren, Fr\u00e9d\u00e9ric Allard och Brian O&#8217;Neill.<\/p>\n<p>Som om det inte vore nog kom \u00e4ven 4-0 innan perioden var slut. M\u00e5lskytt den h\u00e4r g\u00e5ngen? Pontus Andreasson. Efter den f\u00f6rsta perioden var st\u00e4llningen 4-1.<\/p>\n<p>Spekulerade i utsk\u00e4llning<\/p>\n<p>\u2013 Det \u00e4r inte bra nog, det \u00e4r det absolut inte, sa HV71:s Olle Alsing till TV4, och spekulerade i att en rej\u00e4l utsk\u00e4llning var att v\u00e4nta, fr\u00e5n ledarstaben.<\/p>\n<p>Tr\u00e4nare Anton Blomqvist tog dock p\u00e5 sig mycket av haveriet i f\u00f6rsta perioden.<\/p>\n<p>\u2013 Ibland beh\u00f6ver man som tr\u00e4nare ta p\u00e5 sig det&#8230; jobbet jag gjorde f\u00f6r att f\u00f6rbereda laget var inte tillr\u00e4ckligt bra, f\u00f6rklarade han, i intervjun med TV4.<\/p>\n<p><img loading=\"lazy\"   alt=\"\"\/><\/p>\n<p>Thomas Berglund.<\/p>\n<p>Foto: MICHAEL ERICHSEN \/ BILDBYR\u00c5N<\/p>\n<p>\u00d6ppna bild i helsk\u00e4rm<\/p>\n<p>Och g\u00e4sterna gav sig inte. Efter m\u00e5l fr\u00e5n Hugo Fransson och d\u00e4refter Justin Kloos s\u00e5 skakade man liv i matchen igen. Lule\u00e5 \u00e5tertog kommandot igen, men vid underl\u00e4ge med 5-3 valde g\u00e4sterna att plocka ut m\u00e5lvakten \u2013 och lyckades mirakul\u00f6st nog b\u00e5de reducera och kvittera och d\u00e4rmed ta matchen till sudden.<\/p>\n<p>Tog s\u00f6nder headset<\/p>\n<p>V\u00e4l d\u00e4r avgjorde HV genom Hugo Fransson och fullbordade en m\u00e4ktig v\u00e4ndning. Det var f\u00f6rsta segern p\u00e5 nio \u00e5r f\u00f6r HV i Lule\u00e5.\u00a0<\/p>\n<p>\u2013 Starkt givetvis. Vi tar tag i det och de sista 40 minuterna \u00e4r bra. Otroligt starkt att hitta ett s\u00e4tt hitta matchen, s\u00e4ger Anton Blomqvist till TV4.<\/p>\n<p>Blomqvist, som fick genomf\u00f6ra intervjun med ett trasigt headset, efter att tr\u00e4narkollegan Thomas Berglund, som intervjuats precis innan, h\u00f6gst sannolikt haft s\u00f6nder det.<\/p>\n<p>\u2013 Det \u00e4r klart att det \u00e4r bittert. De har maximal utdelning, men vi g\u00f6r ingen bra match efter f\u00f6rsta perioden. Vi f\u00e5r se oss i spegeln, s\u00e4ger Berglund till TV4.<\/p>\n","protected":false},"excerpt":{"rendered":"Publicerad 6 jan 2026 kl 18.27Uppdaterad kl 20.51 Det s\u00e5g ut att bli en riktig kross av Lule\u00e5.&hellip;\n","protected":false},"author":2,"featured_media":127714,"comment_status":"","ping_status":"","sticky":false,"template":"","format":"standard","meta":{"footnotes":""},"categories":[5],"tags":[22,23,26,27,17,21,24,25,28,29,15,16,1354,1178,1179,18,34,255,823,31,33,32,30,19,20],"class_list":{"0":"post-127713","1":"post","2":"type-post","3":"status-publish","4":"format-standard","5":"has-post-thumbnail","7":"category-rubriker","8":"tag-breaking-news","9":"tag-breakingnews","10":"tag-featured-news","11":"tag-featurednews","12":"tag-headlines","13":"tag-huvudnyheter","14":"tag-latest-news","15":"tag-latestnews","16":"tag-main-news","17":"tag-mainnews","18":"tag-news","19":"tag-nyheter","20":"tag-organization-hv71","21":"tag-organization-lulea-hockey","22":"tag-organization-shl","23":"tag-rubriker","24":"tag-se","25":"tag-sections-ishockey","26":"tag-sections-shl","27":"tag-svenska","28":"tag-sverige","29":"tag-sweden","30":"tag-swedish","31":"tag-top-stories","32":"tag-topstories"},"share_on_mastodon":{"url":"https:\/\/pubeurope.com\/@se\/115850383401836479","error":""},"_links":{"self":[{"href":"https:\/\/www.europesays.com\/se\/wp-json\/wp\/v2\/posts\/127713","targetHints":{"allow":["GET"]}}],"collection":[{"href":"https:\/\/www.europesays.com\/se\/wp-json\/wp\/v2\/posts"}],"about":[{"href":"https:\/\/www.europesays.com\/se\/wp-json\/wp\/v2\/types\/post"}],"author":[{"embeddable":true,"href":"https:\/\/www.europesays.com\/se\/wp-json\/wp\/v2\/users\/2"}],"replies":[{"embeddable":true,"href":"https:\/\/www.europesays.com\/se\/wp-json\/wp\/v2\/comments?post=127713"}],"version-history":[{"count":0,"href":"https:\/\/www.europesays.com\/se\/wp-json\/wp\/v2\/posts\/127713\/revisions"}],"wp:featuredmedia":[{"embeddable":true,"href":"https:\/\/www.europesays.com\/se\/wp-json\/wp\/v2\/media\/127714"}],"wp:attachment":[{"href":"https:\/\/www.europesays.com\/se\/wp-json\/wp\/v2\/media?parent=127713"}],"wp:term":[{"taxonomy":"category","embeddable":true,"href":"https:\/\/www.europesays.com\/se\/wp-json\/wp\/v2\/categories?post=127713"},{"taxonomy":"post_tag","embeddable":true,"href":"https:\/\/www.europesays.com\/se\/wp-json\/wp\/v2\/tags?post=127713"}],"curies":[{"name":"wp","href":"https:\/\/api.w.org\/{rel}","templated":true}]}}