{"id":127715,"date":"2026-01-06T22:04:23","date_gmt":"2026-01-06T22:04:23","guid":{"rendered":"https:\/\/www.europesays.com\/se\/127715\/"},"modified":"2026-01-06T22:04:23","modified_gmt":"2026-01-06T22:04:23","slug":"ahmed-saeed-forlanger-med-djurgarden-allsvenskan","status":"publish","type":"post","link":"https:\/\/www.europesays.com\/se\/127715\/","title":{"rendered":"Ahmed Saeed f\u00f6rl\u00e4nger med Djurg\u00e5rden | Allsvenskan"},"content":{"rendered":"<p>Publicerad 6 jan 2026 kl 16.56Uppdaterad kl 19.48<\/p>\n<p>H\u00e4r \u00e4r Djurg\u00e5rdens gl\u00e4djebesked till supportrarna.<\/p>\n<p>Expressen kan avsl\u00f6ja att klubben f\u00f6rl\u00e4nger med Ahmed Saeed.<\/p>\n<p>Parterna har kommits \u00f6verens om ett tre\u00e5rsavtal med 17-\u00e5ringen.<\/p>\n<p><img   alt=\"\"\/> <\/p>\n<p>Foto: JONATHAN N\u00c4CKSTRAND \/ BILDBYR\u00c5N<\/p>\n<p>\u00d6ppna bild i helsk\u00e4rm<img loading=\"lazy\"   alt=\"\"\/> <\/p>\n<p>Foto: SIMON HASTEG\u00c5RD \/ BILDBYR\u00c5N<\/p>\n<p>\u00d6ppna bild i helsk\u00e4rm<\/p>\n<p>Ahmed Saeed \u00e4r en av Djurg\u00e5rdens stora talanger.<\/p>\n<p>Ytterforwarden har varit en stor snackis i Djurg\u00e5rdsl\u00e4gret under fjol\u00e5ret och han har tillh\u00f6rt klubben sedan 2023 d\u00e5 han rekryterades fr\u00e5n Karlslund.<\/p>\n<p>Under h\u00f6sten var det snack om ifall spelaren skulle stanna kvar i klubben d\u00e5 hans kontrakt endast l\u00f6pte fram till i sommar.<\/p>\n<p>F\u00f6rl\u00e4nger med talangen<\/p>\n<p>Nu har sportchefen Bosse Andersson lyckats s\u00e4kra Saeeds framtid i klubben \u2013 framf\u00f6r flera storklubbar, som visat konkret intresse sedan i h\u00f6stas.<\/p>\n<p>Enligt uppgifter till Expressen \u00e4r Djurg\u00e5rden \u00f6verens med Ahmed Saeed om ett nytt tre\u00e5rskontrakt. Intr\u00e4ffar inget ov\u00e4ntat blir f\u00f6rl\u00e4ngningen officiell inom en snar framtid.<\/p>\n<p>Parterna har haft flera lyckade m\u00f6ten under vintern och nu har man allts\u00e5 landat i en kontraktsf\u00f6rl\u00e4ngning.<\/p>\n<p>Ahmed Saeed gjorde tv\u00e5 framtr\u00e4danden i allsvenskan den g\u00e5ngna s\u00e4songen. D\u00e4r noterades han f\u00f6r en framspelning i m\u00f6tet med IFK Norrk\u00f6ping.<\/p>\n","protected":false},"excerpt":{"rendered":"Publicerad 6 jan 2026 kl 16.56Uppdaterad kl 19.48 H\u00e4r \u00e4r Djurg\u00e5rdens gl\u00e4djebesked till supportrarna. Expressen kan avsl\u00f6ja att&hellip;\n","protected":false},"author":2,"featured_media":127716,"comment_status":"","ping_status":"","sticky":false,"template":"","format":"standard","meta":{"footnotes":""},"categories":[5],"tags":[22,23,26,27,17,21,24,25,28,29,15,16,554,18,34,130,129,31,33,32,30,19,20],"class_list":{"0":"post-127715","1":"post","2":"type-post","3":"status-publish","4":"format-standard","5":"has-post-thumbnail","7":"category-rubriker","8":"tag-breaking-news","9":"tag-breakingnews","10":"tag-featured-news","11":"tag-featurednews","12":"tag-headlines","13":"tag-huvudnyheter","14":"tag-latest-news","15":"tag-latestnews","16":"tag-main-news","17":"tag-mainnews","18":"tag-news","19":"tag-nyheter","20":"tag-organization-djurgarden-fotboll","21":"tag-rubriker","22":"tag-se","23":"tag-sections-allsvenskan","24":"tag-sections-fotboll","25":"tag-svenska","26":"tag-sverige","27":"tag-sweden","28":"tag-swedish","29":"tag-top-stories","30":"tag-topstories"},"share_on_mastodon":{"url":"https:\/\/pubeurope.com\/@se\/115850422664689126","error":""},"_links":{"self":[{"href":"https:\/\/www.europesays.com\/se\/wp-json\/wp\/v2\/posts\/127715","targetHints":{"allow":["GET"]}}],"collection":[{"href":"https:\/\/www.europesays.com\/se\/wp-json\/wp\/v2\/posts"}],"about":[{"href":"https:\/\/www.europesays.com\/se\/wp-json\/wp\/v2\/types\/post"}],"author":[{"embeddable":true,"href":"https:\/\/www.europesays.com\/se\/wp-json\/wp\/v2\/users\/2"}],"replies":[{"embeddable":true,"href":"https:\/\/www.europesays.com\/se\/wp-json\/wp\/v2\/comments?post=127715"}],"version-history":[{"count":0,"href":"https:\/\/www.europesays.com\/se\/wp-json\/wp\/v2\/posts\/127715\/revisions"}],"wp:featuredmedia":[{"embeddable":true,"href":"https:\/\/www.europesays.com\/se\/wp-json\/wp\/v2\/media\/127716"}],"wp:attachment":[{"href":"https:\/\/www.europesays.com\/se\/wp-json\/wp\/v2\/media?parent=127715"}],"wp:term":[{"taxonomy":"category","embeddable":true,"href":"https:\/\/www.europesays.com\/se\/wp-json\/wp\/v2\/categories?post=127715"},{"taxonomy":"post_tag","embeddable":true,"href":"https:\/\/www.europesays.com\/se\/wp-json\/wp\/v2\/tags?post=127715"}],"curies":[{"name":"wp","href":"https:\/\/api.w.org\/{rel}","templated":true}]}}