{"id":127719,"date":"2026-01-06T22:20:39","date_gmt":"2026-01-06T22:20:39","guid":{"rendered":"https:\/\/www.europesays.com\/se\/127719\/"},"modified":"2026-01-06T22:20:39","modified_gmt":"2026-01-06T22:20:39","slug":"juniorkronornas-hemresa-installd-%e2%88%92-mitt-i-guldfesten","status":"publish","type":"post","link":"https:\/\/www.europesays.com\/se\/127719\/","title":{"rendered":"Juniorkronornas hemresa inst\u00e4lld \u2212\u00a0mitt\u00a0i\u00a0guldfesten"},"content":{"rendered":"<p><a data-test-tag=\"internal-link\" href=\"https:\/\/www.aftonbladet.se\/av\/jonathan-nilsson\" class=\"hyperion-css-13ns1rr\" rel=\"nofollow noopener\" target=\"\" aria-label=\"Se alla artiklar av Jonathan Knekta\"><img decoding=\"async\" class=\"image-asset hyperion-css-n6kkq1\" data-test-tag=\"image-asset\" src=\"https:\/\/www.europesays.com\/se\/wp-content\/uploads\/2026\/01\/1767738037_415_0fe4a4f9-ff14-4ac8-9abc-4e04bf7ba698.png\"  alt=\"\"  loading=\"lazy\" fetchpriority=\"auto\" style=\"aspect-ratio:1900 \/ 1900\"\/><\/a><\/p>\n<p class=\"boxtextgrotesk-root_baa6 hyperion-css-1w346fg\">Uppdaterad 10.15 | Publicerad 06.39<\/p>\n<p>share-arrowDela<\/p>\n<p>unsaveSpara<\/p>\n<p>Lyssna p\u00e5 artikelnLyssna p\u00e5&#8230;<\/p>\n<p class=\"hyperion-css-1shl3oz\" data-test-tag=\"lead-text\">SAINT PAUL. Nyblivna v\u00e4rldsm\u00e4stare.<\/p>\n<p class=\"hyperion-css-1shl3oz\" data-test-tag=\"lead-text\">Och strandade i USA.<\/p>\n<p class=\"hyperion-css-1shl3oz\" data-test-tag=\"lead-text\">Juniorkronornas hemresa har blivit inst\u00e4lld.<\/p>\n<p><img decoding=\"async\" src=\"https:\/\/www.europesays.com\/se\/wp-content\/uploads\/2026\/01\/a0e702353904df1fd4caa01015086cfa.jpg\" class=\"thumbnail-image_fbfd thumbnail-portrait_fbfd\" alt=\"Resan hem inst\u00e4lld: \u201dFirar med popcorn!\u201d\"\/><\/p>\n<p>Resan hem inst\u00e4lld: \u201dFirar med popcorn!\u201d<\/p>\n<p>0:44<\/p>\n<p class=\"hyperion-css-1v9qo5x\">Orsaken \u00e4r kraftigt sn\u00f6ov\u00e4der i Amsterdam.<\/p>\n<p class=\"hyperion-css-1v9qo5x\">Ursprungsplanen var att laget skulle anl\u00e4nda till Arlanda med planerad ankomst onsdag f\u00f6rmiddag, svensk tid.<\/p>\n<p class=\"hyperion-css-1v9qo5x\">Beskedet kom mitt under lagets guldfirande.<\/p>\n<p class=\"hyperion-css-1v9qo5x\">\u2013 Man \u00e4r ganska sugen p\u00e5 att komma hem. Men n\u00e5gra dagar till h\u00e4r med laget skadar v\u00e4l inte. Vi ska \u00e4ta popcorn och dricka mj\u00f6lk, s\u00e4ger Djurg\u00e5rdsforwarden Anton Frondell n\u00e4r han n\u00e5s av beskedet i den mixade zonen.<\/p>\n<p>expand-left<\/p>\n<p>helsk\u00e4rm<img decoding=\"async\" class=\"image-asset hyperion-css-u06ts1\" data-test-tag=\"image-asset\" src=\"https:\/\/www.europesays.com\/se\/wp-content\/uploads\/2026\/01\/49d8b20b-d231-4251-bf5a-a9b2e66986f8.jpeg\"  alt=\"Det blir inget klassiskt guldfirande n\u00e4r laget kommer hem till svensk mark.\"  loading=\"eager\" fetchpriority=\"high\" style=\"aspect-ratio:1900 \/ 1267\"\/>Det blir inget klassiskt guldfirande n\u00e4r laget kommer hem till svensk mark. Foto: Joel Marklund \/ Bildbyr\u00e5n\u201dKul \u2013 klagar inte\u201d<\/p>\n<p class=\"hyperion-css-1v9qo5x\">Love H\u00e4renstam \u00e4r inst\u00e4lld p\u00e5 n\u00e5gra l\u00e5nga dagar i Saint Paul, Minnesota, om det skulle bli s\u00e5.<\/p>\n<p class=\"hyperion-css-1v9qo5x\">\u2013 Men det blir kul. Jag klagar inte, s\u00e4ger S\u00f6dert\u00e4ljem\u00e5lvakten.<\/p>\n<p class=\"hyperion-css-1v9qo5x\"><strong>Du stannar g\u00e4rna i bubblan med lagkamraterna?<\/strong><\/p>\n<p class=\"hyperion-css-1v9qo5x\">\u2013 Ja, det \u00e4r inte helt fel att ta n\u00e5gra dagar med de h\u00e4r grabbarna. Det kommer att bli roligt i s\u00e5dana fall.<\/p>\n<p>Inget guldfirande<\/p>\n<p class=\"hyperion-css-1v9qo5x\">Det \u00e4r i nul\u00e4get oklart n\u00e4r Juniorkronorna kommer att kunna resa hem till Sverige.<\/p>\n<p class=\"hyperion-css-1v9qo5x\">\u201dVid hemkomst blir det inget offentligt guldfirande, utan laget kommer att bjudas in till Beijer Hockey Games i \u00c4ngelholm i maj f\u00f6r att hyllas i samband med Tre Kronor herrs hemmaturnering\u201d, skriver Ishockeyf\u00f6rbundet i ett uttalande.<\/p>\n<p class=\"hyperion-css-1v9qo5x\">\u201dDetta p\u00e5verkar spelare hemmah\u00f6rande i svenska klubbar. SHL och Hockeyallsvenskan \u00e4r informerade.\u201d <\/p>\n<p class=\"hyperion-css-1v9qo5x\">Det spelas full SHL-omg\u00e5ng p\u00e5 torsdag och l\u00f6rdag den h\u00e4r veckan. I hockeyallsvenskan \u00e4r det full omg\u00e5ng p\u00e5 onsdag och fredag.<\/p>\n<p><img decoding=\"async\" src=\"https:\/\/www.europesays.com\/se\/wp-content\/uploads\/2026\/01\/47f0e0b3c225699244ba7f838c27e144.jpg\" class=\"thumbnail-image_fbfd\" alt=\"H\u00e4r tar Sverige JVM-guld i ishockey\"\/><\/p>\n<p>H\u00e4r tar Sverige JVM-guld i ishockey<\/p>\n<p>1:31<\/p>\n<p class=\"hyperion-css-1v9qo5x\">arrow <strong><a aria-label=\"TIPPA SHL-PROFETEN: \" class=\"sportbladet hyperion-css-15jkft9\" href=\"https:\/\/malservice.aftonbladet.se\/profeten\/season\/70\/matcher\" rel=\"noopener noreferrer nofollow\" data-test-tag=\"external-link\" target=\"_blank\">TIPPA SHL-PROFETEN: <\/a><\/strong><strong><a aria-label=\"Hur g\u00e5r det i SHL-matcherna? Tippa och utmana v\u00e4nner \" class=\"sportbladet hyperion-css-15jkft9\" href=\"https:\/\/malservice.aftonbladet.se\/profeten\/season\/70\/matcher\" rel=\"noopener noreferrer nofollow\" data-test-tag=\"external-link\" target=\"_blank\">Hur g\u00e5r det i SHL-matcherna? Tippa och utmana v\u00e4nner <\/a><\/strong>check<strong><a aria-label=\" Januari-t\u00e4vlingen \u00e4r \u00f6ppen!\" class=\"sportbladet hyperion-css-15jkft9\" href=\"https:\/\/malservice.aftonbladet.se\/profeten\/season\/70\/matcher\" rel=\"noopener noreferrer nofollow\" data-test-tag=\"external-link\" target=\"_blank\"> Januari-t\u00e4vlingen \u00e4r \u00f6ppen!<\/a><\/strong><\/p>\n<p class=\"hyperion-css-1v9qo5x\">Annons<br \/><strong><a aria-label=\"Streama hela SHL-s\u00e4songen p\u00e5 TV4 Play\" class=\"sportbladet hyperion-css-15jkft9\" href=\"https:\/\/www.tv4play.se\/kampanj\/sportbladet?utm_source=salj&amp;utm_medium=paid&amp;utm_campaign=artikel_2025\" rel=\"noopener nofollow noreferrer\" data-test-tag=\"external-link\" target=\"_blank\">Streama hela SHL-s\u00e4songen p\u00e5 TV4 Play<\/a><\/strong><\/p>\n","protected":false},"excerpt":{"rendered":"Uppdaterad 10.15 | Publicerad 06.39 share-arrowDela unsaveSpara Lyssna p\u00e5 artikelnLyssna p\u00e5&#8230; SAINT PAUL. Nyblivna v\u00e4rldsm\u00e4stare. Och strandade i&hellip;\n","protected":false},"author":2,"featured_media":127720,"comment_status":"","ping_status":"","sticky":false,"template":"","format":"standard","meta":{"footnotes":""},"categories":[5],"tags":[22,23,26,27,17,21,24,25,28,29,15,16,18,34,31,33,32,30,19,20],"class_list":{"0":"post-127719","1":"post","2":"type-post","3":"status-publish","4":"format-standard","5":"has-post-thumbnail","7":"category-rubriker","8":"tag-breaking-news","9":"tag-breakingnews","10":"tag-featured-news","11":"tag-featurednews","12":"tag-headlines","13":"tag-huvudnyheter","14":"tag-latest-news","15":"tag-latestnews","16":"tag-main-news","17":"tag-mainnews","18":"tag-news","19":"tag-nyheter","20":"tag-rubriker","21":"tag-se","22":"tag-svenska","23":"tag-sverige","24":"tag-sweden","25":"tag-swedish","26":"tag-top-stories","27":"tag-topstories"},"share_on_mastodon":{"url":"https:\/\/pubeurope.com\/@se\/115850485624772232","error":""},"_links":{"self":[{"href":"https:\/\/www.europesays.com\/se\/wp-json\/wp\/v2\/posts\/127719","targetHints":{"allow":["GET"]}}],"collection":[{"href":"https:\/\/www.europesays.com\/se\/wp-json\/wp\/v2\/posts"}],"about":[{"href":"https:\/\/www.europesays.com\/se\/wp-json\/wp\/v2\/types\/post"}],"author":[{"embeddable":true,"href":"https:\/\/www.europesays.com\/se\/wp-json\/wp\/v2\/users\/2"}],"replies":[{"embeddable":true,"href":"https:\/\/www.europesays.com\/se\/wp-json\/wp\/v2\/comments?post=127719"}],"version-history":[{"count":0,"href":"https:\/\/www.europesays.com\/se\/wp-json\/wp\/v2\/posts\/127719\/revisions"}],"wp:featuredmedia":[{"embeddable":true,"href":"https:\/\/www.europesays.com\/se\/wp-json\/wp\/v2\/media\/127720"}],"wp:attachment":[{"href":"https:\/\/www.europesays.com\/se\/wp-json\/wp\/v2\/media?parent=127719"}],"wp:term":[{"taxonomy":"category","embeddable":true,"href":"https:\/\/www.europesays.com\/se\/wp-json\/wp\/v2\/categories?post=127719"},{"taxonomy":"post_tag","embeddable":true,"href":"https:\/\/www.europesays.com\/se\/wp-json\/wp\/v2\/tags?post=127719"}],"curies":[{"name":"wp","href":"https:\/\/api.w.org\/{rel}","templated":true}]}}