{"id":127723,"date":"2026-01-06T22:28:36","date_gmt":"2026-01-06T22:28:36","guid":{"rendered":"https:\/\/www.europesays.com\/se\/127723\/"},"modified":"2026-01-06T22:28:36","modified_gmt":"2026-01-06T22:28:36","slug":"sandvikens-kommun-har-fortsatt-stabslage-arbetarbladet","status":"publish","type":"post","link":"https:\/\/www.europesays.com\/se\/127723\/","title":{"rendered":"Sandvikens kommun har fortsatt stabsl\u00e4ge \u2013 Arbetarbladet"},"content":{"rendered":"<p>Sedan tio dagar tillbaka befinner sig Sandvikens kommun i stabsl\u00e4ge p\u00e5 grund av stormen Johannes och det kraftiga sn\u00f6andet.<\/p>\n<p>Ferrum Arena \u00e4r den trygghetspunkt som blir kvar nu n\u00e4r alltfler f\u00e5r str\u00f6mmen tillbaka.<\/p>\n<p>\u2013 H\u00e4r f\u00e5r man m\u00f6jlighet att pusta ut om man har behov av det, s\u00e4ger Erika Ros\u00e9n p\u00e5 kommunen.<\/p>\n<p>Rolf Sundqvist \u00e4r s\u00e4kerhetschef i Sandvikens kommun. N\u00e4r de f\u00f6rsta varningarna kom gick kommunen upp i h\u00f6jd beredskap.<\/p>\n<p>Tekniskt fel<\/p>\n<p class=\"message__text txt-ui txt-ui-2\">V\u00e4nligen f\u00f6rs\u00f6k igen senare.<\/p>\n<p>Den h\u00e4r artikeln \u00e4r bara f\u00f6r prenumeranter<\/p>\n<p class=\"txt-body txt-body-1\">Om du redan \u00e4r prenumerant: logga in!<\/p>\n","protected":false},"excerpt":{"rendered":"Sedan tio dagar tillbaka befinner sig Sandvikens kommun i stabsl\u00e4ge p\u00e5 grund av stormen Johannes och det kraftiga&hellip;\n","protected":false},"author":2,"featured_media":127724,"comment_status":"","ping_status":"","sticky":false,"template":"","format":"standard","meta":{"footnotes":""},"categories":[5],"tags":[22,23,26,27,17,21,24,25,28,29,15,16,18,34,31,33,32,30,19,20],"class_list":{"0":"post-127723","1":"post","2":"type-post","3":"status-publish","4":"format-standard","5":"has-post-thumbnail","7":"category-rubriker","8":"tag-breaking-news","9":"tag-breakingnews","10":"tag-featured-news","11":"tag-featurednews","12":"tag-headlines","13":"tag-huvudnyheter","14":"tag-latest-news","15":"tag-latestnews","16":"tag-main-news","17":"tag-mainnews","18":"tag-news","19":"tag-nyheter","20":"tag-rubriker","21":"tag-se","22":"tag-svenska","23":"tag-sverige","24":"tag-sweden","25":"tag-swedish","26":"tag-top-stories","27":"tag-topstories"},"share_on_mastodon":{"url":"https:\/\/pubeurope.com\/@se\/115850517060576412","error":""},"_links":{"self":[{"href":"https:\/\/www.europesays.com\/se\/wp-json\/wp\/v2\/posts\/127723","targetHints":{"allow":["GET"]}}],"collection":[{"href":"https:\/\/www.europesays.com\/se\/wp-json\/wp\/v2\/posts"}],"about":[{"href":"https:\/\/www.europesays.com\/se\/wp-json\/wp\/v2\/types\/post"}],"author":[{"embeddable":true,"href":"https:\/\/www.europesays.com\/se\/wp-json\/wp\/v2\/users\/2"}],"replies":[{"embeddable":true,"href":"https:\/\/www.europesays.com\/se\/wp-json\/wp\/v2\/comments?post=127723"}],"version-history":[{"count":0,"href":"https:\/\/www.europesays.com\/se\/wp-json\/wp\/v2\/posts\/127723\/revisions"}],"wp:featuredmedia":[{"embeddable":true,"href":"https:\/\/www.europesays.com\/se\/wp-json\/wp\/v2\/media\/127724"}],"wp:attachment":[{"href":"https:\/\/www.europesays.com\/se\/wp-json\/wp\/v2\/media?parent=127723"}],"wp:term":[{"taxonomy":"category","embeddable":true,"href":"https:\/\/www.europesays.com\/se\/wp-json\/wp\/v2\/categories?post=127723"},{"taxonomy":"post_tag","embeddable":true,"href":"https:\/\/www.europesays.com\/se\/wp-json\/wp\/v2\/tags?post=127723"}],"curies":[{"name":"wp","href":"https:\/\/api.w.org\/{rel}","templated":true}]}}