{"id":127727,"date":"2026-01-06T22:36:19","date_gmt":"2026-01-06T22:36:19","guid":{"rendered":"https:\/\/www.europesays.com\/se\/127727\/"},"modified":"2026-01-06T22:36:19","modified_gmt":"2026-01-06T22:36:19","slug":"skakigt-omvarldslage-svts-reportrar-svarade-pa-fragor","status":"publish","type":"post","link":"https:\/\/www.europesays.com\/se\/127727\/","title":{"rendered":"Skakigt omv\u00e4rldsl\u00e4ge: SVT:s reportrar svarade p\u00e5 fr\u00e5gor"},"content":{"rendered":"<p>S\u00e4kerhetsl\u00e4get i v\u00e4rlden har satts p\u00e5 sin spets efter USA:s attack mot m\u00e5l inne i Venezuela och frihetsber\u00f6vandet av landets president, Nicol\u00e1s Maduro. <\/p>\n<p>Allas blickar har riktats mot Gr\u00f6nland efter skarpa utspel fr\u00e5n USA:s president Donald Trump om att landet \u201dbeh\u00f6ver\u201d Gr\u00f6nland, och vid flera tillf\u00e4llen sagt att han <a href=\"https:\/\/www.svt.se\/nyheter\/utrikes\/efter-krismotet-i-danmark-landerna-kraver-mote-med-usa\" rel=\"nofollow noopener\" target=\"_blank\">inte utesluter milit\u00e4ra medel<\/a>.<\/p>\n<p>N\u00e4r tittarna st\u00e4llde fr\u00e5gor till SVT:s reportrar var oron f\u00f6r hur l\u00e5ngt USA \u00e4r beredda att g\u00e5 genomg\u00e5ende.<\/p>\n<p>Ingen pratar om att skicka trupper till Gr\u00f6nland, eller skicka hem amerikanerna med milit\u00e4rbaser p\u00e5 \u00f6n, varf\u00f6r? <\/p>\n<p>\u2013 Det \u00e4r v\u00e4ldigt komplicerat med tanke p\u00e5 att Gr\u00f6nland \u00e4r en sj\u00e4lvstyrande del av Danmark och att Danmark liksom USA \u00e4r med i Nato, s\u00e4ger SVT:s utrikesreporter Regina Svedberg \u00c5gren. <\/p>\n<p>Hon s\u00e4ger att det inte \u00e4r l\u00e4tt att besluta att skicka iv\u00e4g milit\u00e4r fr\u00e5n en allierad.<\/p>\n<p>\u2013 Man skulle kunna skicka egna soldater dit, och Frankrike har erbjudit sig att st\u00e4rka upp, men fullt s\u00e5 enkelt \u00e4r det inte, s\u00e4ger hon. <\/p>\n<p>Kommer EU f\u00f6rd\u00f6ma USA:s agerande? <\/p>\n<p>\u2013 Nej det kommer man inte g\u00f6ra, s\u00e4ger Christoffer Wendick, Europakorrespondent,.<\/p>\n<p>\u2013 Man st\u00e4ller sig bakom Danmark och p\u00e5minner USA om territoriell suver\u00e4nitet \u2013 men det \u00e4r s\u00e5 n\u00e4ra ett f\u00f6rd\u00f6mande man kommer. Man vill inte g\u00e5 i konflikt med USA, s\u00e4ger han. <\/p>\n<p>Kan Europa rusta upp f\u00f6r att kunna m\u00e4ta sig med USA? <\/p>\n<p>\u2013 De europeiska l\u00e4nderna satsar allt mer pengar p\u00e5 f\u00f6rsvaret, s\u00e4ger Christoffer Wendick. <\/p>\n<p>Men att titta p\u00e5 en exakt summa pengar tj\u00e4nar inte mycket till, s\u00e4ger han.<\/p>\n<p>\u2013 Det handlar om vad man har f\u00f6r kapacitet \u2013 och d\u00e4r ligger USA l\u00e5ngt f\u00f6re Europa. Med rymdsatsningar, med sin k\u00e4rnvapenarsenal och m\u00e5nga f\u00f6rm\u00e5gor som vi inte kommer i n\u00e4rheten av i Europa. <\/p>\n<p>\u2013 Skulle vi ens ha en m\u00f6jlighet att komma i kapp skulle det ta \u00e5rtionden. <\/p>\n<p>Hur k\u00e4nsligt \u00e4r det i Latinamerika n\u00e4r USA g\u00f6r milit\u00e4ra insatser d\u00e4r? <\/p>\n<p>\u2013 Det \u00e4r helt klart k\u00e4nsligt, s\u00e4ger Tigran Feiler, Latinamerikakorrespondent.<\/p>\n<p>Genom historien har den h\u00e4r typen av interventioner varit mer regel \u00e4n undantag, s\u00e4ger han.<\/p>\n<p>\u2013 Det \u00e4r snarare s\u00e5 att de senaste 30 \u00e5ren varit ett undantag i det att USA varit ganska lite inne och petat i Latinamerikas inre angel\u00e4genheter. Nu \u00e4r m\u00e5nga oroliga f\u00f6r en \u00e5terg\u00e5ng till just det. <\/p>\n<p>\u2013 Problemet \u00e4r att det inte finns n\u00e5gon stark regional integration, trots att l\u00e4nderna i Latinamerika liknar varandra p\u00e5 m\u00e5nga s\u00e4tt. <\/p>\n","protected":false},"excerpt":{"rendered":"S\u00e4kerhetsl\u00e4get i v\u00e4rlden har satts p\u00e5 sin spets efter USA:s attack mot m\u00e5l inne i Venezuela och frihetsber\u00f6vandet&hellip;\n","protected":false},"author":2,"featured_media":127728,"comment_status":"","ping_status":"","sticky":false,"template":"","format":"standard","meta":{"footnotes":""},"categories":[5],"tags":[22,23,26,27,17,21,24,25,28,29,15,16,18,34,31,33,32,30,19,20],"class_list":{"0":"post-127727","1":"post","2":"type-post","3":"status-publish","4":"format-standard","5":"has-post-thumbnail","7":"category-rubriker","8":"tag-breaking-news","9":"tag-breakingnews","10":"tag-featured-news","11":"tag-featurednews","12":"tag-headlines","13":"tag-huvudnyheter","14":"tag-latest-news","15":"tag-latestnews","16":"tag-main-news","17":"tag-mainnews","18":"tag-news","19":"tag-nyheter","20":"tag-rubriker","21":"tag-se","22":"tag-svenska","23":"tag-sverige","24":"tag-sweden","25":"tag-swedish","26":"tag-top-stories","27":"tag-topstories"},"share_on_mastodon":{"url":"https:\/\/pubeurope.com\/@se\/115850548534840067","error":""},"_links":{"self":[{"href":"https:\/\/www.europesays.com\/se\/wp-json\/wp\/v2\/posts\/127727","targetHints":{"allow":["GET"]}}],"collection":[{"href":"https:\/\/www.europesays.com\/se\/wp-json\/wp\/v2\/posts"}],"about":[{"href":"https:\/\/www.europesays.com\/se\/wp-json\/wp\/v2\/types\/post"}],"author":[{"embeddable":true,"href":"https:\/\/www.europesays.com\/se\/wp-json\/wp\/v2\/users\/2"}],"replies":[{"embeddable":true,"href":"https:\/\/www.europesays.com\/se\/wp-json\/wp\/v2\/comments?post=127727"}],"version-history":[{"count":0,"href":"https:\/\/www.europesays.com\/se\/wp-json\/wp\/v2\/posts\/127727\/revisions"}],"wp:featuredmedia":[{"embeddable":true,"href":"https:\/\/www.europesays.com\/se\/wp-json\/wp\/v2\/media\/127728"}],"wp:attachment":[{"href":"https:\/\/www.europesays.com\/se\/wp-json\/wp\/v2\/media?parent=127727"}],"wp:term":[{"taxonomy":"category","embeddable":true,"href":"https:\/\/www.europesays.com\/se\/wp-json\/wp\/v2\/categories?post=127727"},{"taxonomy":"post_tag","embeddable":true,"href":"https:\/\/www.europesays.com\/se\/wp-json\/wp\/v2\/tags?post=127727"}],"curies":[{"name":"wp","href":"https:\/\/api.w.org\/{rel}","templated":true}]}}