{"id":127734,"date":"2026-01-06T22:52:12","date_gmt":"2026-01-06T22:52:12","guid":{"rendered":"https:\/\/www.europesays.com\/se\/127734\/"},"modified":"2026-01-06T22:52:12","modified_gmt":"2026-01-06T22:52:12","slug":"svenska-frida-fast-i-amsterdam-efter-flygplatskaoset","status":"publish","type":"post","link":"https:\/\/www.europesays.com\/se\/127734\/","title":{"rendered":"Svenska Frida fast i Amsterdam efter flygplatskaoset"},"content":{"rendered":"<p><a data-test-tag=\"internal-link\" href=\"https:\/\/www.aftonbladet.se\/av\/nelly-kronstrand\" class=\"hyperion-css-13ns1rr\" rel=\"nofollow noopener\" target=\"\" aria-label=\"Se alla artiklar av Nelly Kronstrand\"><img decoding=\"async\" class=\"image-asset hyperion-css-n6kkq1\" data-test-tag=\"image-asset\" src=\"https:\/\/www.europesays.com\/se\/wp-content\/uploads\/2026\/01\/1767739931_753_c6303424-a7ea-4fb2-bd57-9a7a19eb40f3.png\"  alt=\"\"  loading=\"lazy\" fetchpriority=\"auto\" style=\"aspect-ratio:1900 \/ 1900\"\/><\/a><\/p>\n<p class=\"boxtextgrotesk-root_baa6 hyperion-css-7pajle\">Uppdaterad 20.48 | Publicerad 20.39<\/p>\n<p>share-arrowDela<\/p>\n<p>unsaveSpara<\/p>\n<p>expand-left<\/p>\n<p>helsk\u00e4rm<img decoding=\"async\" class=\"image-asset hyperion-css-u06ts1\" data-test-tag=\"image-asset\" src=\"https:\/\/www.europesays.com\/se\/wp-content\/uploads\/2026\/01\/95425bbb-dd67-4866-be1f-c8b407f61461.jpeg\"  alt=\"Frida Johansson med ena kompisen, Malin Isaksson Lid\u00e9n.\"  loading=\"eager\" fetchpriority=\"high\" style=\"aspect-ratio:590 \/ 496\"\/>Frida Johansson med ena kompisen, Malin Isaksson Lid\u00e9n. Foto: Privat<\/p>\n<p class=\"hyperion-css-1shl3oz\" data-test-tag=\"lead-text\">Svenska Frida Johansson, 26, \u00e4r i en kamp mot klockan. <\/p>\n<p class=\"hyperion-css-1shl3oz\" data-test-tag=\"lead-text\">Hon m\u00e5ste ta sig hem fr\u00e5n flygkaoset i Amsterdam \u2013 annars riskerar hon att f\u00f6rlora sin sociologexamen. <\/p>\n<p class=\"hyperion-css-1shl3oz\" data-test-tag=\"lead-text\">\u2013 Allt \u00e4r satt p\u00e5 paus just nu. <\/p>\n<p class=\"hyperion-css-1v9qo5x\">Planen var att \u00e5ka p\u00e5 en kort ny\u00e5rsresa till <a data-test-tag=\"internal-link\" href=\"https:\/\/www.aftonbladet.se\/tagg\/nederlanderna\" class=\"hyperion-css-15jkft9\" rel=\"nofollow noopener\" target=\"\" aria-label=\"Nederl\u00e4nderna\">Nederl\u00e4nderna<\/a>.<\/p>\n<p class=\"hyperion-css-1v9qo5x\">Men fyra dagar efter den inbokade hemresan \u00e4r svenska Frida och hennes tv\u00e5 kompisar fortfarande kvar i <a data-test-tag=\"internal-link\" href=\"https:\/\/www.aftonbladet.se\/tagg\/amsterdam\" class=\"hyperion-css-15jkft9\" rel=\"nofollow noopener\" target=\"\" aria-label=\"Amsterdam\">Amsterdam<\/a>.<\/p>\n<p class=\"hyperion-css-1v9qo5x\">Och d\u00e4r kommer de f\u00e5 stanna. <\/p>\n<p class=\"hyperion-css-1v9qo5x\">\u2013 Varje dag har vi blivit inbokade p\u00e5 nya flyg som sedan blivit avbokade. Nu s\u00e4ger <a data-test-tag=\"internal-link\" href=\"https:\/\/www.aftonbladet.se\/tagg\/sas\" class=\"hyperion-css-15jkft9\" rel=\"nofollow noopener\" target=\"\" aria-label=\"SAS\">SAS<\/a> att vi kommer kunna flyga hem om tv\u00e5 dagar, men det l\u00e5ter ganska osannolikt, s\u00e4ger Frida. <\/p>\n<p>Filtar delas ut p\u00e5 flygplatsen<\/p>\n<p class=\"hyperion-css-1v9qo5x\">Kompistrion \u00e4r bland tiotusentals passagerare fr\u00e5n hela v\u00e4lden som fastnat i Amsterdam efter sn\u00f6kaoset p\u00e5 flygplatsen Schiphol i Amsterdam. <\/p>\n<p class=\"hyperion-css-1v9qo5x\">Flygplatsen uppmanar resen\u00e4rer att h\u00e5lla sig borta fr\u00e5n flygplatsen n\u00e4r de inv\u00e4ntar sina nya bokningar \u2013 f\u00f6r att minska tr\u00e4ngsel. <\/p>\n<p class=\"hyperion-css-1v9qo5x\">M\u00e5nga resen\u00e4rer har mellanlandat p\u00e5 Schiphol, som \u00e4r Nederl\u00e4ndernas st\u00f6rsta flygplats. De kan dock inte l\u00e4mna flygplatsen eftersom de inte har visum f\u00f6r att f\u00e5 resa in i landet.<\/p>\n<p class=\"hyperion-css-1v9qo5x\">\u2013 Vi f\u00f6rs\u00f6ker hj\u00e4lpa resen\u00e4rer med mat och dryck. Och vi delar ut kuddar och filtar, s\u00e4ger talespersonen vid Schiphol till tidningen. <\/p>\n<p class=\"hyperion-css-1v9qo5x\">Det finns ingen prognos f\u00f6r n\u00e4r flygstrulet \u00e4r l\u00f6st. Och under morgondagen har en orange v\u00e4dervarning utf\u00e4rdats f\u00f6r sn\u00f6 i n\u00e4stan hela Nederl\u00e4nderna. <\/p>\n<p>expand-left<\/p>\n<p>helsk\u00e4rm<img decoding=\"async\" class=\"image-asset hyperion-css-u06ts1\" data-test-tag=\"image-asset\" src=\"https:\/\/www.europesays.com\/se\/wp-content\/uploads\/2026\/01\/5c6cc180-636d-404b-bee3-654a4466b5a3.jpeg\"  alt=\"Sn\u00f6n har lamslagit den nederl\u00e4ndska flygplatsen Schiphol.\"  loading=\"eager\" fetchpriority=\"high\" style=\"aspect-ratio:1900 \/ 1261\"\/>Sn\u00f6n har lamslagit den nederl\u00e4ndska flygplatsen Schiphol. Foto: Koen Van Weel\/EPASlut p\u00e5 viktiga mediciner <\/p>\n<p class=\"hyperion-css-1v9qo5x\">Frida och hennes v\u00e4nner har haft turen att kunna l\u00e4mna flygplatsen \u2013 men tampas med kl\u00e4dproblem. <\/p>\n<p class=\"hyperion-css-1v9qo5x\">\u2013 Vi har packning f\u00f6r tv\u00e5 och en halv dag, s\u00e5 vi har best\u00e4mt k\u00f6pa nya kl\u00e4der. Och det \u00e4r inte bara s\u00e5nt som \u00e4r jobbigt. Min kompis tar livsviktiga mediciner som nu tagit slut, trots att hon haft med extra. S\u00e5 i dag har vi beh\u00f6vt leta upp l\u00e4kare i Sverige som kan hj\u00e4lpa till och skriva ut medicinen h\u00e4r. <\/p>\n<p class=\"hyperion-css-1v9qo5x\"><strong>Vet ni varf\u00f6r ni \u00e4r strandade? <\/strong><\/p>\n<p class=\"hyperion-css-1v9qo5x\">\u2013 Vi har inte f\u00e5tt n\u00e5gon f\u00f6rklaring fr\u00e5n SAS. Men alla lokalbor s\u00e4ger att det beror p\u00e5 sn\u00f6n. De s\u00e4ger att de inte sett s\u00e5 h\u00e4r mycket sn\u00f6 och inte haft s\u00e5 h\u00e4r kallt p\u00e5 tio \u00e5r. <\/p>\n<p>Svaret fr\u00e5n SAS: Inga garantier <\/p>\n<p class=\"hyperion-css-1v9qo5x\">Hittills har Frida och v\u00e4nnerna lagt ut tusentals kronor p\u00e5 boende och mat \u2013 f\u00f6r de extra dagarna i Amsterdam. <\/p>\n<p class=\"hyperion-css-1v9qo5x\">\u2013 Vi \u00e4r uppe i 40 000 kronor nu.  Det \u00e4r sjukt dyrt h\u00e4r. B\u00e5de med boende, men ocks\u00e5 n\u00e4r vi hela tiden blir inbokade p\u00e5 flyg och d\u00e5 m\u00e5ste ta oss till flygplatsen. <\/p>\n<p class=\"hyperion-css-1v9qo5x\">N\u00e4r de kommer hem hoppas de f\u00e5 tillbaka pengarna fr\u00e5n flybolaget. <\/p>\n<p class=\"hyperion-css-1v9qo5x\">\u2013 SAS s\u00e4ger att de st\u00e5r f\u00f6r boende och mat till en rimlig peng. Vad det betyder f\u00f6rst\u00e5r vi inte riktigt. Dessutom har vi inga hygienartiklar och s\u00e5nt. Men SAS s\u00e4ger att vi f\u00e5r skicka in kvittona och testa om vi kan f\u00e5 de godk\u00e4nda. Men det finns inga garantier. <\/p>\n<p>expand-left<\/p>\n<p>helsk\u00e4rm<img decoding=\"async\" class=\"image-asset hyperion-css-u06ts1\" data-test-tag=\"image-asset\" src=\"https:\/\/www.europesays.com\/se\/wp-content\/uploads\/2026\/01\/ce2e46db-89de-443e-9027-3680eb2b3c0d.jpeg\"  alt=\"De tre v\u00e4nnerna har varit fast i Amsterdam i fyra extra dagar nu.\"  loading=\"eager\" fetchpriority=\"high\" style=\"aspect-ratio:768 \/ 1024\"\/>De tre v\u00e4nnerna har varit fast i Amsterdam i fyra extra dagar nu. Foto: PrivatOron \u2013 kan missa sin examen <\/p>\n<p class=\"hyperion-css-1v9qo5x\">F\u00f6r Frida \u00e4r den st\u00f6rsta oron att inte hinna hem till n\u00e4sta vecka \u2013 d\u00e5 hon ska ta examen i sociologi  vid Ume\u00e5 universitet.  <\/p>\n<p class=\"hyperion-css-1v9qo5x\">\u2013 Ceremonin vill jag verkligen inte missa. Men det v\u00e4rsta \u00e4r egentligen att jag har ett obligatoriskt moment dagarna innan det. Om jag inte deltar f\u00e5r jag inte ut min examen. <\/p>\n<p class=\"hyperion-css-1v9qo5x\">Det kan bli ett stort problem \u2013 eftersom Frida nyss f\u00e5tt jobb. <\/p>\n<p class=\"hyperion-css-1v9qo5x\">\u2013 Och d\u00e5 kr\u00e4vs det att jag har min examen. S\u00e5 jag k\u00e4nner stress \u00f6ver att inte hinna komma hem.<\/p>\n","protected":false},"excerpt":{"rendered":"Uppdaterad 20.48 | Publicerad 20.39 share-arrowDela unsaveSpara expand-left helsk\u00e4rmFrida Johansson med ena kompisen, Malin Isaksson Lid\u00e9n. Foto: Privat&hellip;\n","protected":false},"author":2,"featured_media":127735,"comment_status":"","ping_status":"","sticky":false,"template":"","format":"standard","meta":{"footnotes":""},"categories":[5],"tags":[22,23,26,27,17,21,24,25,28,29,15,16,18,34,31,33,32,30,19,20],"class_list":{"0":"post-127734","1":"post","2":"type-post","3":"status-publish","4":"format-standard","5":"has-post-thumbnail","7":"category-rubriker","8":"tag-breaking-news","9":"tag-breakingnews","10":"tag-featured-news","11":"tag-featurednews","12":"tag-headlines","13":"tag-huvudnyheter","14":"tag-latest-news","15":"tag-latestnews","16":"tag-main-news","17":"tag-mainnews","18":"tag-news","19":"tag-nyheter","20":"tag-rubriker","21":"tag-se","22":"tag-svenska","23":"tag-sverige","24":"tag-sweden","25":"tag-swedish","26":"tag-top-stories","27":"tag-topstories"},"share_on_mastodon":{"url":"https:\/\/pubeurope.com\/@se\/115850611446584153","error":""},"_links":{"self":[{"href":"https:\/\/www.europesays.com\/se\/wp-json\/wp\/v2\/posts\/127734","targetHints":{"allow":["GET"]}}],"collection":[{"href":"https:\/\/www.europesays.com\/se\/wp-json\/wp\/v2\/posts"}],"about":[{"href":"https:\/\/www.europesays.com\/se\/wp-json\/wp\/v2\/types\/post"}],"author":[{"embeddable":true,"href":"https:\/\/www.europesays.com\/se\/wp-json\/wp\/v2\/users\/2"}],"replies":[{"embeddable":true,"href":"https:\/\/www.europesays.com\/se\/wp-json\/wp\/v2\/comments?post=127734"}],"version-history":[{"count":0,"href":"https:\/\/www.europesays.com\/se\/wp-json\/wp\/v2\/posts\/127734\/revisions"}],"wp:featuredmedia":[{"embeddable":true,"href":"https:\/\/www.europesays.com\/se\/wp-json\/wp\/v2\/media\/127735"}],"wp:attachment":[{"href":"https:\/\/www.europesays.com\/se\/wp-json\/wp\/v2\/media?parent=127734"}],"wp:term":[{"taxonomy":"category","embeddable":true,"href":"https:\/\/www.europesays.com\/se\/wp-json\/wp\/v2\/categories?post=127734"},{"taxonomy":"post_tag","embeddable":true,"href":"https:\/\/www.europesays.com\/se\/wp-json\/wp\/v2\/tags?post=127734"}],"curies":[{"name":"wp","href":"https:\/\/api.w.org\/{rel}","templated":true}]}}