{"id":127736,"date":"2026-01-06T23:00:10","date_gmt":"2026-01-06T23:00:10","guid":{"rendered":"https:\/\/www.europesays.com\/se\/127736\/"},"modified":"2026-01-06T23:00:10","modified_gmt":"2026-01-06T23:00:10","slug":"bergman-varfor-bankas-han-hockeynews","status":"publish","type":"post","link":"https:\/\/www.europesays.com\/se\/127736\/","title":{"rendered":"BERGMAN: Varf\u00f6r b\u00e4nkas han? &#8211; HockeyNews"},"content":{"rendered":"<p><strong>Mardr\u00f6msstarten<\/strong><\/p>\n<p class=\"\">Marcus Gidl\u00f6f har kommit tillbaka och gett leksingarna hopp. Men mot Skellefte\u00e5 vilades han, och Jakob Hellsten, som inte f\u00e5tt vakta kassen p\u00e5 en m\u00e5nad, fick en mardr\u00f6msstart deluxe och sl\u00e4ppte in Skellefte\u00e5s f\u00f6rsta och tredje skott p\u00e5 m\u00e5l. Kanske inte j\u00e4ttemycket han kunde g\u00f6ra \u00e5t \u00e5tminstone det f\u00f6rsta, men \u00e4nd\u00e5 s\u00e4ger det kanske n\u00e5got om Leksands m\u00e5lvaktssituation. Jag tror nog att Gidl\u00f6f hade tagit ett par av m\u00e5len n\u00e4r Skellefte\u00e5 gick upp till 4\u20132, men samtidigt fick Hellsten absolut ingen hj\u00e4lp av f\u00f6rsvaret.<\/p>\n<p><strong>Varf\u00f6r b\u00e4nkas han?<\/strong><\/p>\n<p class=\"\">Ibland tycker jag att backcoachningen i Leksand \u00e4r v\u00e4ldigt konstig. Och d\u00e5 menar jag vilka som f\u00e5r spela och inte, sett till insatser den senaste tiden. Fred Nilsson var i mitt tycke Leksands b\u00e4sta back mot HV71, och \u00e4nd\u00e5 var han tillbaka som sjundeback mot Skellefte\u00e5. Det kanske \u00e4r jag som inte ser saker som David Printz och kompani g\u00f6r, men jag f\u00f6rst\u00e5r faktiskt inte hur spelare som match efter match upptr\u00e4der betydligt skakigare \u00e4n Nilsson f\u00e5r g\u00e5 f\u00f6re.<\/p>\n<p><a target=\"_blank\" href=\"https:\/\/track.adform.net\/C\/?bn=86525284;gdpr=${GDPR};gdpr_consent=${GDPR_CONSENT_50}\" rel=\"nofollow noopener\"><strong>Ett powerplay \u00e4r inget powerplay?<\/strong><a target=\"_blank\" href=\"https:\/\/track.adform.net\/C\/?bn=86525284;gdpr=${GDPR};gdpr_consent=${GDPR_CONSENT_50}\" rel=\"nofollow noopener\"><\/p>\n<p class=\"\">12.10 in i f\u00f6rsta perioden fick Leksand chansen i powerplay, och det som skedde efter det var, f\u00f6r n\u00e5gon som f\u00f6ljt LIF:s PP hela s\u00e4songen, lite sv\u00e5rt att ta in. Cehlarik och Anton Johansson fanns p\u00e5 varsin sida med klubborna \u201dut\u00e5t\u201d i banan, och med tanke p\u00e5 att Caito stod ensam p\u00e5 pointen var chanserna till direktskott ungef\u00e4r 0,00 procent. S\u00e5 vad var tanken?<\/p>\n<p class=\"\">Uppenbarligen att spela runt pucken fort och skapa avslut efter avslut som var n\u00e4ra att studsa in bakom Strauss Mann innan Lukas Vejdemo gjorde sitt femte m\u00e5l p\u00e5 sex matcher. \u201dB\u00e4sta PP:et i \u00e5r\u201d, sa m\u00e5lskytten \u201dVejde\u201d i pausintervjun, och det var bara att inst\u00e4mma. Detta trots att Caito forts\u00e4tter upptr\u00e4da slarvigt och b\u00e5de en och tre g\u00e5nger h\u00f6ll p\u00e5 att sl\u00e4nga iv\u00e4g pucken p\u00e5 of\u00f6rklarliga s\u00e4tt. Tyv\u00e4rr s\u00e5g \u00f6vriga powerplay i matchen inte alls ut s\u00e5. Med Caito ut, AJ p\u00e5 hans plats och Veronneau p\u00e5 AJ:s till h\u00f6ger hade Leksand f\u00e5tt ytterligare l\u00e4gen till bra avslut.<\/p>\n<p><strong>Defensiva raset<\/strong><\/p>\n<p class=\"\">I f\u00f6rsta perioden var f\u00f6rsvarsspelet rappt och effektivt. Man spelade inte fast sig sj\u00e4lva, utan var och en l\u00f6ste sina uppgifter bra. M\u00e5len tillkom p\u00e5 slarv fr\u00e5n Kaderli och lite v\u00e4l passivt ingripande vid 2\u20131, men i \u00f6vrigt s\u00e5g det bra ut. I andra perioden? Fullkomlig h\u00f6nsg\u00e5rd direkt.<\/p>\n<p class=\"\">Det \u00e4r inte f\u00f6rsta g\u00e5ngen det sker, och jag har s\u00e5 sv\u00e5rt att se vad anledningen \u00e4r. \u00c4r det att Skellefte\u00e5 skruvar upp tempot och Leksand helt enkelt inte \u00e4r bra nog att h\u00e4nga med? \u00c4r de tr\u00f6tta? N\u00e5gonting m\u00e5ste det vara som g\u00f6r att man s\u00e5 totalt tappar konceptet fr\u00e5n en period till en annan.<\/p>\n<p><strong>Pushen<\/strong><\/p>\n<p class=\"\">Leksand hade en bra push i tredje mot HV71, och inf\u00f6r tredje perioden p\u00e5 tisdagskv\u00e4llen stod man inf\u00f6r att beh\u00f6va g\u00f6ra ytterligare en s\u00e5dan. Jag tycker pushen var bra, och \u00e4ven om den kr\u00e4vde ett par fina r\u00e4ddningar av Hellsten f\u00f6r att matchen inte skulle d\u00f6, s\u00e5 k\u00f6rde LIF \u00e4nd\u00e5 p\u00e5 fram\u00e5t och lyckades skapa flera bra l\u00e4gen. Men sk\u00e4rpan och skickligheten i passningsspelet, i powerplay, och i avslutningsl\u00e4gena lyste med sin fr\u00e5nvaro. Max Veronneaus m\u00e5l gjorde att hoppet t\u00e4ndes men f\u00f6rsent. <\/p>\n<p>Kommentarer TopprankadeSenaste\u00c4ldstaTrendar<\/p>\n<p>Skaffa PLUS f\u00f6r att kommentera<\/p>\n<p>Med en aktiv PLUS-prenumeration kan du kommentera, svara p\u00e5 andra och gilla kommentarer.<\/p>\n<p><a class=\"btn-primary btn-small\" href=\"https:\/\/hockeynews.se\/plus\" rel=\"nofollow noopener\" target=\"_blank\">Skaffa PLUS<\/a><\/p>\n<p>Halva priset p\u00e5 TV4 Play Sport Hockey \u2013 <a class=\"text-yellow underline\" href=\"https:\/\/www.tv4play.se\/kampanj\/hockeynewshockey\" rel=\"nofollow noopener\" target=\"_blank\">f\u00e5 kod med Hockeynews h\u00e4r!<\/a> (Annons)<\/p>\n","protected":false},"excerpt":{"rendered":"Mardr\u00f6msstarten Marcus Gidl\u00f6f har kommit tillbaka och gett leksingarna hopp. Men mot Skellefte\u00e5 vilades han, och Jakob Hellsten,&hellip;\n","protected":false},"author":2,"featured_media":127737,"comment_status":"","ping_status":"","sticky":false,"template":"","format":"standard","meta":{"footnotes":""},"categories":[5],"tags":[22,23,26,27,17,21,24,25,28,29,15,16,18,34,31,33,32,30,19,20],"class_list":{"0":"post-127736","1":"post","2":"type-post","3":"status-publish","4":"format-standard","5":"has-post-thumbnail","7":"category-rubriker","8":"tag-breaking-news","9":"tag-breakingnews","10":"tag-featured-news","11":"tag-featurednews","12":"tag-headlines","13":"tag-huvudnyheter","14":"tag-latest-news","15":"tag-latestnews","16":"tag-main-news","17":"tag-mainnews","18":"tag-news","19":"tag-nyheter","20":"tag-rubriker","21":"tag-se","22":"tag-svenska","23":"tag-sverige","24":"tag-sweden","25":"tag-swedish","26":"tag-top-stories","27":"tag-topstories"},"share_on_mastodon":{"url":"https:\/\/pubeurope.com\/@se\/115850642922859963","error":""},"_links":{"self":[{"href":"https:\/\/www.europesays.com\/se\/wp-json\/wp\/v2\/posts\/127736","targetHints":{"allow":["GET"]}}],"collection":[{"href":"https:\/\/www.europesays.com\/se\/wp-json\/wp\/v2\/posts"}],"about":[{"href":"https:\/\/www.europesays.com\/se\/wp-json\/wp\/v2\/types\/post"}],"author":[{"embeddable":true,"href":"https:\/\/www.europesays.com\/se\/wp-json\/wp\/v2\/users\/2"}],"replies":[{"embeddable":true,"href":"https:\/\/www.europesays.com\/se\/wp-json\/wp\/v2\/comments?post=127736"}],"version-history":[{"count":0,"href":"https:\/\/www.europesays.com\/se\/wp-json\/wp\/v2\/posts\/127736\/revisions"}],"wp:featuredmedia":[{"embeddable":true,"href":"https:\/\/www.europesays.com\/se\/wp-json\/wp\/v2\/media\/127737"}],"wp:attachment":[{"href":"https:\/\/www.europesays.com\/se\/wp-json\/wp\/v2\/media?parent=127736"}],"wp:term":[{"taxonomy":"category","embeddable":true,"href":"https:\/\/www.europesays.com\/se\/wp-json\/wp\/v2\/categories?post=127736"},{"taxonomy":"post_tag","embeddable":true,"href":"https:\/\/www.europesays.com\/se\/wp-json\/wp\/v2\/tags?post=127736"}],"curies":[{"name":"wp","href":"https:\/\/api.w.org\/{rel}","templated":true}]}}