{"id":127738,"date":"2026-01-06T23:07:07","date_gmt":"2026-01-06T23:07:07","guid":{"rendered":"https:\/\/www.europesays.com\/se\/127738\/"},"modified":"2026-01-06T23:07:07","modified_gmt":"2026-01-06T23:07:07","slug":"tag-har-kort-in-i-trad-pendellinje-installd-vader-och-trafiklaget-i-landet-svt-nyheter","status":"publish","type":"post","link":"https:\/\/www.europesays.com\/se\/127738\/","title":{"rendered":"T\u00e5g har k\u00f6rt in i tr\u00e4d \u2013 pendellinje inst\u00e4lld \u2013 V\u00e4der- och trafikl\u00e4get i landet &#8211; SVT Nyheter"},"content":{"rendered":"<ol>\n<li><a href=\"https:\/\/news.google.com\/rss\/articles\/CBMikAFBVV95cUxQenpaeVo5WFh2UjBqcHQzRXpJOFV5THJ0eHNVRFlQeUlMRnM4cmVOel9fWW40ZXNNREk5cXpRYmprSzhVNDYySF9PMDk2THQ2MWliRnJVdzlWRGs4VnFxVXZYTHdhMGFmTTItZGlncWptUWlVVENYaU5HX2NZMWtXZy0xNXptbDFkWF9fa3UzOWM?oc=5\" target=\"_blank\" rel=\"nofollow noopener\">T\u00e5g har k\u00f6rt in i tr\u00e4d \u2013 pendellinje inst\u00e4lld \u2013 V\u00e4der- och trafikl\u00e4get i landet<\/a>&nbsp;&nbsp;SVT Nyheter<\/li>\n<li><a href=\"https:\/\/news.google.com\/rss\/articles\/CBMiigFBVV95cUxOWldDMGQxSm1yUnM0cTZTNTl1aF9rakJhRTNIMEJUT1hGTEdja3FNNDVRVE16dThlVE9za1FfS3YyZkdKRUtRY0FYNWdYZ3dtNG9jNGI2bkczZEtCZHBucVFWMUw3a280enhoUDZlTUEzWll5UXZ5aHJBeHdSS18zanRKdG9FTDAyMmc?oc=5\" target=\"_blank\" rel=\"nofollow noopener\">T\u00e5g k\u00f6rde p\u00e5 tr\u00e4d \u2013 passagerarna evakueras<\/a>&nbsp;&nbsp;aftonbladet.se<\/li>\n<li><a href=\"https:\/\/news.google.com\/rss\/articles\/CBMikAFBVV95cUxQY1NPUWxCbkNEQkFhY0xYeU5vcUZlcXpkd1VpUkpiTlBTZTVjSTlHYjltX2pVWUl6Z0JHb3FWYlVlcEFfcEQybGNkWTJaZWNFRDgyY3VHQ1ZXd055SW9xN21uaXFhSG9VOWxDM2l6WFVmc0lsTDZfaDE3WkgyaGszXzVBWERTM1R6WWpEUk1EXzg?oc=5\" target=\"_blank\" rel=\"nofollow noopener\">Lastbilar i krock \u2013 E4 norrut avst\u00e4ngd \u2013 V\u00e4der- och trafikl\u00e4get i landet<\/a>&nbsp;&nbsp;SVT Nyheter<\/li>\n<li><a href=\"https:\/\/news.google.com\/rss\/articles\/CBMihwFBVV95cUxNVXFHdENYa3U2YkxKTGRENThPcDNYRENJV2UzMEJjcTlMS1FvZDhYTldYS2FWVzZWdlF1LTBxam1kUnYxQ0JfSjNidGxUc3J5NHlHQ0stekluRkdKcjBCS2Y4UkE2czBUZks4WDdtcXF0TVdkM2k0YVR5STZXbmJBdmV3TjZaS2s?oc=5\" target=\"_blank\" rel=\"nofollow noopener\">Thomas kritik mot Trafikverket: \u201dHelt kaos\u201d<\/a>&nbsp;&nbsp;Expressen<\/li>\n<li><a href=\"https:\/\/news.google.com\/rss\/articles\/CBMijAFBVV95cUxOMnVweHU5T1FYdFFiaDNJZVA1OV8zQ0YtU3ExZE9RbWFaeHVXMGlKYkpuZExxTGwzTkVwTlZQUmV6V0dwSTdqTEFQUWRNTG0xZmduekl3d2QzTFQtWWJDa3JhS3lzNHBZa3RybFRLR19HMUZOd19IVnpzcE1lVWplWlFPZFJ1cUdvMjVEbg?oc=5\" target=\"_blank\" rel=\"nofollow noopener\">UNT rapporterar live om sn\u00f6n och trafikl\u00e4get<\/a>&nbsp;&nbsp;UNT<\/li>\n<\/ol>\n","protected":false},"excerpt":{"rendered":"T\u00e5g har k\u00f6rt in i tr\u00e4d \u2013 pendellinje inst\u00e4lld \u2013 V\u00e4der- och trafikl\u00e4get i landet&nbsp;&nbsp;SVT Nyheter T\u00e5g k\u00f6rde&hellip;\n","protected":false},"author":2,"featured_media":127509,"comment_status":"","ping_status":"","sticky":false,"template":"","format":"standard","meta":{"footnotes":""},"categories":[12],"tags":[22,23,26,27,17,21,24,25,28,29,15,16,18,34,31,33,32,30,19,20],"class_list":{"0":"post-127738","1":"post","2":"type-post","3":"status-publish","4":"format-standard","5":"has-post-thumbnail","7":"category-sverige","8":"tag-breaking-news","9":"tag-breakingnews","10":"tag-featured-news","11":"tag-featurednews","12":"tag-headlines","13":"tag-huvudnyheter","14":"tag-latest-news","15":"tag-latestnews","16":"tag-main-news","17":"tag-mainnews","18":"tag-news","19":"tag-nyheter","20":"tag-rubriker","21":"tag-se","22":"tag-svenska","23":"tag-sverige","24":"tag-sweden","25":"tag-swedish","26":"tag-top-stories","27":"tag-topstories"},"share_on_mastodon":{"url":"https:\/\/pubeurope.com\/@se\/115850670477316504","error":""},"_links":{"self":[{"href":"https:\/\/www.europesays.com\/se\/wp-json\/wp\/v2\/posts\/127738","targetHints":{"allow":["GET"]}}],"collection":[{"href":"https:\/\/www.europesays.com\/se\/wp-json\/wp\/v2\/posts"}],"about":[{"href":"https:\/\/www.europesays.com\/se\/wp-json\/wp\/v2\/types\/post"}],"author":[{"embeddable":true,"href":"https:\/\/www.europesays.com\/se\/wp-json\/wp\/v2\/users\/2"}],"replies":[{"embeddable":true,"href":"https:\/\/www.europesays.com\/se\/wp-json\/wp\/v2\/comments?post=127738"}],"version-history":[{"count":0,"href":"https:\/\/www.europesays.com\/se\/wp-json\/wp\/v2\/posts\/127738\/revisions"}],"wp:featuredmedia":[{"embeddable":true,"href":"https:\/\/www.europesays.com\/se\/wp-json\/wp\/v2\/media\/127509"}],"wp:attachment":[{"href":"https:\/\/www.europesays.com\/se\/wp-json\/wp\/v2\/media?parent=127738"}],"wp:term":[{"taxonomy":"category","embeddable":true,"href":"https:\/\/www.europesays.com\/se\/wp-json\/wp\/v2\/categories?post=127738"},{"taxonomy":"post_tag","embeddable":true,"href":"https:\/\/www.europesays.com\/se\/wp-json\/wp\/v2\/tags?post=127738"}],"curies":[{"name":"wp","href":"https:\/\/api.w.org\/{rel}","templated":true}]}}