{"id":127739,"date":"2026-01-06T23:08:11","date_gmt":"2026-01-06T23:08:11","guid":{"rendered":"https:\/\/www.europesays.com\/se\/127739\/"},"modified":"2026-01-06T23:08:11","modified_gmt":"2026-01-06T23:08:11","slug":"finns-inga-hemliga-recept-nerikes-allehanda","status":"publish","type":"post","link":"https:\/\/www.europesays.com\/se\/127739\/","title":{"rendered":"\u201dFinns inga hemliga recept\u201d \u2013 Nerikes Allehanda"},"content":{"rendered":"<p>F\u00f6rlustsviten \u00e4r uppe i fem raka.<\/p>\n<p>Nu drar Niklas Eriksson upp riktlinjerna f\u00f6r hur \u00d6rebro Hockey-spelarna ska agera f\u00f6r att bryta den:<\/p>\n<p>\u25ba Vinn fler dueller \u00e4n motst\u00e5ndaren.<\/p>\n<p>\u25ba H\u00e5ll dig till matchplanen.<\/p>\n<p>\u2013 D\u00e4r har du receptet, s\u00e4ger \u00d6rebro Hockey-tr\u00e4naren efter 5\u20132-f\u00f6rlusten mot Timr\u00e5.<\/p>\n<p><img loading=\"lazy\" decoding=\"async\" width=\"980\" height=\"551\" class=\"article-image article-image--featured\" alt=\"\u00d6rebro Hockey \u00e5kte p\u00e5 \u00e4nnu en f\u00f6rlust p\u00e5 tisdagen, den h\u00e4r g\u00e5ngen en riktig smocka i form av 5\u20132 borta mot Timr\u00e5.\" src=\"https:\/\/www.europesays.com\/se\/wp-content\/uploads\/2026\/01\/f69e3251-74fe-4ff4-b38a-eba7dbe0ac2f.jpeg\"  \/><a class=\"article__lightbox-link\" href=\"https:\/\/static.bonniernews.se\/ba\/f69e3251-74fe-4ff4-b38a-eba7dbe0ac2f.jpeg?crop=6000%2C3375%2Cx0%2Cy313&amp;width=1400&amp;format=pjpg&amp;auto=avif\" data-pswp-width=\"1400\" data-pswp-height=\"788\" data-pswp-caption=\"\u00d6rebro Hockey \u00e5kte p\u00e5 \u00e4nnu en f\u00f6rlust p\u00e5 tisdagen, den h\u00e4r g\u00e5ngen en riktig smocka i form av 5\u20132 borta mot Timr\u00e5. Bild: P\u00e4r Olert\/Bildbyr\u00e5n\" data-pswp- rel=\"nofollow noopener\" target=\"_blank\">\u00d6ppna bild i helsk\u00e4rmsl\u00e4ge<\/a><\/p>\n<p class=\"txt-style-muted\" aria-hidden=\"true\">\u00d6rebro Hockey \u00e5kte p\u00e5 \u00e4nnu en f\u00f6rlust p\u00e5 tisdagen, den h\u00e4r g\u00e5ngen en riktig smocka i form av 5\u20132 borta mot Timr\u00e5.<\/p>\n<p class=\"article__figcaption-attribution txt-style-muted\">Bild: P\u00e4r Olert\/Bildbyr\u00e5n<\/p>\n<p>Tv\u00e5 d\u00e5liga matcher och tunga f\u00f6rluster mot HV71 och Bryn\u00e4s direkt efter jul f\u00f6ljdes av tv\u00e5 b\u00e4ttre insatser men nya torskar mot Link\u00f6ping och R\u00f6gle runt ny\u00e5r.<\/p>\n<p>Tekniskt fel<\/p>\n<p class=\"message__text txt-ui txt-ui-2\">V\u00e4nligen f\u00f6rs\u00f6k igen senare.<\/p>\n<p>Den h\u00e4r artikeln \u00e4r bara f\u00f6r prenumeranter<\/p>\n<p class=\"txt-body txt-body-1\">Om du redan \u00e4r prenumerant: logga in!<\/p>\n","protected":false},"excerpt":{"rendered":"F\u00f6rlustsviten \u00e4r uppe i fem raka. Nu drar Niklas Eriksson upp riktlinjerna f\u00f6r hur \u00d6rebro Hockey-spelarna ska agera&hellip;\n","protected":false},"author":2,"featured_media":127740,"comment_status":"","ping_status":"","sticky":false,"template":"","format":"standard","meta":{"footnotes":""},"categories":[5],"tags":[22,23,26,27,17,21,24,25,28,29,15,16,18,34,31,33,32,30,19,20],"class_list":{"0":"post-127739","1":"post","2":"type-post","3":"status-publish","4":"format-standard","5":"has-post-thumbnail","7":"category-rubriker","8":"tag-breaking-news","9":"tag-breakingnews","10":"tag-featured-news","11":"tag-featurednews","12":"tag-headlines","13":"tag-huvudnyheter","14":"tag-latest-news","15":"tag-latestnews","16":"tag-main-news","17":"tag-mainnews","18":"tag-news","19":"tag-nyheter","20":"tag-rubriker","21":"tag-se","22":"tag-svenska","23":"tag-sverige","24":"tag-sweden","25":"tag-swedish","26":"tag-top-stories","27":"tag-topstories"},"share_on_mastodon":{"url":"https:\/\/pubeurope.com\/@se\/115850674378185827","error":""},"_links":{"self":[{"href":"https:\/\/www.europesays.com\/se\/wp-json\/wp\/v2\/posts\/127739","targetHints":{"allow":["GET"]}}],"collection":[{"href":"https:\/\/www.europesays.com\/se\/wp-json\/wp\/v2\/posts"}],"about":[{"href":"https:\/\/www.europesays.com\/se\/wp-json\/wp\/v2\/types\/post"}],"author":[{"embeddable":true,"href":"https:\/\/www.europesays.com\/se\/wp-json\/wp\/v2\/users\/2"}],"replies":[{"embeddable":true,"href":"https:\/\/www.europesays.com\/se\/wp-json\/wp\/v2\/comments?post=127739"}],"version-history":[{"count":0,"href":"https:\/\/www.europesays.com\/se\/wp-json\/wp\/v2\/posts\/127739\/revisions"}],"wp:featuredmedia":[{"embeddable":true,"href":"https:\/\/www.europesays.com\/se\/wp-json\/wp\/v2\/media\/127740"}],"wp:attachment":[{"href":"https:\/\/www.europesays.com\/se\/wp-json\/wp\/v2\/media?parent=127739"}],"wp:term":[{"taxonomy":"category","embeddable":true,"href":"https:\/\/www.europesays.com\/se\/wp-json\/wp\/v2\/categories?post=127739"},{"taxonomy":"post_tag","embeddable":true,"href":"https:\/\/www.europesays.com\/se\/wp-json\/wp\/v2\/tags?post=127739"}],"curies":[{"name":"wp","href":"https:\/\/api.w.org\/{rel}","templated":true}]}}