{"id":127743,"date":"2026-01-06T23:22:15","date_gmt":"2026-01-06T23:22:15","guid":{"rendered":"https:\/\/www.europesays.com\/se\/127743\/"},"modified":"2026-01-06T23:22:15","modified_gmt":"2026-01-06T23:22:15","slug":"hoten-fran-usa-okar-stressen-i-eu","status":"publish","type":"post","link":"https:\/\/www.europesays.com\/se\/127743\/","title":{"rendered":"Hoten fr\u00e5n USA \u00f6kar stressen i EU"},"content":{"rendered":"<p><strong>Den l\u00e5nga efterkrigstiden \u00e4r \u00f6ver. Europa beh\u00f6ver samla sig.<\/strong><\/p>\n<p>Venezuela visar att man ska ta Donald Trump p\u00e5 orden. S\u00e5 sammanfattade USA:s utrikesminister Marco Rubio attacken under en av presskonferenserna efter den tredje januari.<\/p>\n<p>Med tanke p\u00e5 hur mycket Trump s\u00e4ger \u00e4r det faktiskt ett remarkabelt p\u00e5st\u00e5ende, men det finns sk\u00e4l att ta Millers kommentar p\u00e5 allvar. S\u00e4rskilt f\u00f6r Danmark, Kanada och Panama, som Trump \u00e4nda sedan han tilltr\u00e4dde har h\u00e4vdat att USA borde annektera eller p\u00e5 annat s\u00e4tt ta kontroll \u00f6ver.<\/p>\n<p>Den folkr\u00e4ttsligt illegala kuppen i Caracas var, som det verkar, inte en omfattande regimf\u00f6r\u00e4ndring. N\u00e5gon demokratisering av landet tycks inte finnas i sikte och den demokratiska oppositionens ledarfigur Mar\u00eda Corina Machado viftas bort av Trump som \u201crespektl\u00f6s\u201d. Troligen \u00e4r han sur f\u00f6r att hon accepterade det Nobelspris han sj\u00e4lv tyckte att han borde f\u00e5tt.<\/p>\n<p>Ja, v\u00e4rlden \u00e4r galen.<\/p>\n<p>I st\u00e4llet \u00e4r det vice presidenten, Delcy Rodr\u00edguez , fr\u00e5n samma brutala regim som styrt landet i tv\u00e5 decennier som nu tar \u00f6ver Venezuela. Efter att ha lagt sig f\u00f6r Trumps krav.<\/p>\n<p>Fr\u00e5gan \u00e4r: vad \u00e4r Trumps n\u00e4sta steg? Efter kuppen har fr\u00e5gan om Gr\u00f6nland kommit upp flera g\u00e5nger, och inget som sagts av n\u00e5gra officiella f\u00f6retr\u00e4dare f\u00f6r den amerikanska regeringen borde ha lugnat vare sig Danmark, Gr\u00f6nland eller EU.<\/p>\n<p>F\u00f6rvillande likt Putin<\/p>\n<p>I CNN v\u00e4grade Stephen Miller svara nej p\u00e5 fr\u00e5gan USA kan t\u00e4nka sig ett milit\u00e4rt ingripande f\u00f6r att annektera Gr\u00f6nland. Han svarade bara att Gr\u00f6nland tillh\u00f6r den v\u00e4stra hemisf\u00e4ren, som USA anser att de har r\u00e4tt att kontrollera. G\u00e5ng p\u00e5 g\u00e5ng kom samma svar. Sedan gjorde han till\u00e4gget att n\u00e5gon milit\u00e4r operation inte skulle bli n\u00f6dv\u00e4ndig eftersom det bara bor 30 000 personer p\u00e5 \u00f6n. Han sade ocks\u00e5 att Danmark saknade historiska sk\u00e4l att kontrollera Gr\u00f6nland. En argumentation som var f\u00f6rvillande lik den Putin anv\u00e4nde dagarna innan kriget mot Ukraina.<\/p>\n<p>Andra f\u00f6retr\u00e4dare f\u00f6r Vita huset har gjort liknande uttalanden. Och under s\u00f6ndagen kom beskedet att milit\u00e4ra medel \u201c\u00e4r ett alternativ f\u00f6r presidenten.\u201d<\/p>\n<p>Saken \u00e4r att USA inom ramen f\u00f6r Nato redan \u00e4r p\u00e5 plats p\u00e5 Gr\u00f6nland. S\u00e5 sj\u00e4lvklart skulle USA inte m\u00f6ta n\u00e5got motst\u00e5nd om de tog hela kontrollen.<\/p>\n<p>Som Danmarks statsminister Mette Frederiksen konstaterade nyligen skulle det d\u00e4remot inneb\u00e4ra Natos d\u00f6d.<\/p>\n<p>Klamrar sig fast vid USA<\/p>\n<p>Exakt s\u00e5 m\u00e5ste det senaste \u00e5rets utveckling nog tyv\u00e4rr tolkas. USA \u00e4r inte med l\u00e4ngre. Europas l\u00e4nder st\u00e5r p\u00e5 egen hand.<\/p>\n<p>Det \u00e4r ett fullst\u00e4ndigt epokg\u00f6rande skifte. Rent geopolitiskt \u00e4r vi tillbaka till tiden f\u00f6re andra v\u00e4rldskriget. Ja, till och med perioden som f\u00f6regick f\u00f6rsta v\u00e4rldskriget.<\/p>\n<p>Med en avg\u00f6rande skillnad.<\/p>\n<p>Det finns en politisk konstruktion som skulle kunna skapa en motvikt mot andra stormakter.<\/p>\n<p>I dag finns EU.<\/p>\n<p>Men klarar EU den utmaningen?<\/p>\n<p>Reaktionerna efter attacken mot Venezuela antydde att svaret \u00e4r nej. Dels f\u00f6r att reaktionerna generellt var mycket vaga, inte minst fr\u00e5n Sverige och ett par andra l\u00e4nder. F\u00f6r att inte tala om Storbritannien, som inte ens under Labourregeringen p\u00e5 allvar verkar tala om att \u00e5terv\u00e4nda till EU.<\/p>\n<p>Det \u00e4r som att flera europeiska ledare fortfarande, Ulf Kristersson \u00e4r en av dem, klamrar sig fast vid att USA \u00e4r det enda vi har att h\u00e5lla i handen. Och visst, om tre \u00e5r kan en viss ordning vara \u00e5terst\u00e4lld i Washington. Men tills dess hinner mycket h\u00e4nda. V\u00e4ldigt mycket. Om det ens blir en f\u00f6r\u00e4ndring efter n\u00e4sta presidentval. Trump kan fortfarande hitta metoder f\u00f6r att sitta kvar. Eller s\u00e5 kan J.D, Vance kan bli president efter Trump.<\/p>\n<p>Utvidgning<\/p>\n<p>Det kortet \u00e4r helt enkelt v\u00e4ldigt os\u00e4kert. Det enda vi vet \u00e4r att USA \u00e4r p\u00e5 v\u00e4g bort fr\u00e5n den ordning som pr\u00e4glat v\u00e4rlden, och hela EU:s f\u00f6rh\u00e5llningss\u00e4tt till geopolitiken, sedan andra v\u00e4rldskriget.<\/p>\n<p>I det l\u00e4get m\u00e5ste EU ena sig kring n\u00e5gra huvudlinjer. Som utrikespolitiken, och st\u00e4rka det milit\u00e4ra samarbetet. Just nu anv\u00e4nds USA:s groteska h\u00e5llning som ett argument mot att Sverige gick med i Nato, men \u00e4r det verkligen s\u00e5? \u00c4r det inte en lika rimligt analys att det svenska medlemskapet g\u00f6r att vi nu har l\u00e4ttar att st\u00e4rka samarbetet ytterligare med andra Nato-medlemmar?<\/p>\n<p>Kanske kan \u00e4ven en fortsatt utvidgning av EU vara svaret. Ett allt st\u00f6rre EU skulle f\u00f6rsv\u00e5ra att l\u00e4nder som i dag st\u00e5r utanf\u00f6r hamnar i stormakternas intressesf\u00e4r.<\/p>\n<p>Det finns f\u00f6rst\u00e5s stora hinder. Ungern \u00e4r ett. Den v\u00e4xande h\u00f6gerextremismen i flera l\u00e4nder ett annat.<\/p>\n<p>Men det \u00e4r br\u00e5ttom. Utvecklingen g\u00e5r fort och EU-ledarna k\u00e4nner stressen.<\/p>\n<p>Trump sade nyligen att han inte t\u00e4nkte g\u00f6ra n\u00e5got \u00e5t fr\u00e5gan om Gr\u00f6nland under de kommande 20 dagarna. Det \u00e4r ungef\u00e4r s\u00e5 l\u00e5ng tid det tar f\u00f6r EU att skicka ut en kallelse till m\u00f6te mellan stats- och regeringscheferna. Att enas om nya steg f\u00f6r samordning brukar ta \u00e5ratal.<\/p>\n<p>Men den tiden finns inte nu. Och snart \u00e4r enighet det enda kort kontinenten har kvar att spela ut.<\/p>\n<p><strong>Jesper Bengtsson<\/strong><\/p>\n<p>\u00a0<\/p>\n","protected":false},"excerpt":{"rendered":"Den l\u00e5nga efterkrigstiden \u00e4r \u00f6ver. Europa beh\u00f6ver samla sig. Venezuela visar att man ska ta Donald Trump p\u00e5&hellip;\n","protected":false},"author":2,"featured_media":127744,"comment_status":"","ping_status":"","sticky":false,"template":"","format":"standard","meta":{"footnotes":""},"categories":[14],"tags":[22,23,26,27,17,21,24,25,28,29,15,16,18,34,31,33,32,30,19,20,51,52,53,54],"class_list":{"0":"post-127743","1":"post","2":"type-post","3":"status-publish","4":"format-standard","5":"has-post-thumbnail","7":"category-varlden","8":"tag-breaking-news","9":"tag-breakingnews","10":"tag-featured-news","11":"tag-featurednews","12":"tag-headlines","13":"tag-huvudnyheter","14":"tag-latest-news","15":"tag-latestnews","16":"tag-main-news","17":"tag-mainnews","18":"tag-news","19":"tag-nyheter","20":"tag-rubriker","21":"tag-se","22":"tag-svenska","23":"tag-sverige","24":"tag-sweden","25":"tag-swedish","26":"tag-top-stories","27":"tag-topstories","28":"tag-varlden","29":"tag-world","30":"tag-world-news","31":"tag-worldnews"},"share_on_mastodon":{"url":"https:\/\/pubeurope.com\/@se\/115850729418946314","error":""},"_links":{"self":[{"href":"https:\/\/www.europesays.com\/se\/wp-json\/wp\/v2\/posts\/127743","targetHints":{"allow":["GET"]}}],"collection":[{"href":"https:\/\/www.europesays.com\/se\/wp-json\/wp\/v2\/posts"}],"about":[{"href":"https:\/\/www.europesays.com\/se\/wp-json\/wp\/v2\/types\/post"}],"author":[{"embeddable":true,"href":"https:\/\/www.europesays.com\/se\/wp-json\/wp\/v2\/users\/2"}],"replies":[{"embeddable":true,"href":"https:\/\/www.europesays.com\/se\/wp-json\/wp\/v2\/comments?post=127743"}],"version-history":[{"count":0,"href":"https:\/\/www.europesays.com\/se\/wp-json\/wp\/v2\/posts\/127743\/revisions"}],"wp:featuredmedia":[{"embeddable":true,"href":"https:\/\/www.europesays.com\/se\/wp-json\/wp\/v2\/media\/127744"}],"wp:attachment":[{"href":"https:\/\/www.europesays.com\/se\/wp-json\/wp\/v2\/media?parent=127743"}],"wp:term":[{"taxonomy":"category","embeddable":true,"href":"https:\/\/www.europesays.com\/se\/wp-json\/wp\/v2\/categories?post=127743"},{"taxonomy":"post_tag","embeddable":true,"href":"https:\/\/www.europesays.com\/se\/wp-json\/wp\/v2\/tags?post=127743"}],"curies":[{"name":"wp","href":"https:\/\/api.w.org\/{rel}","templated":true}]}}