{"id":127760,"date":"2026-01-07T00:36:31","date_gmt":"2026-01-07T00:36:31","guid":{"rendered":"https:\/\/www.europesays.com\/se\/127760\/"},"modified":"2026-01-07T00:36:31","modified_gmt":"2026-01-07T00:36:31","slug":"enighet-om-sakerhetsgarantier-svt-nyheter","status":"publish","type":"post","link":"https:\/\/www.europesays.com\/se\/127760\/","title":{"rendered":"Enighet om s\u00e4kerhetsgarantier | SVT Nyheter"},"content":{"rendered":"<p>Ukrainas allierade har enats om s\u00e4kerhetsgarantier f\u00f6r Ukraina, uppger ledarna inom \u201dkoalitionen av villiga\u201d efter tisdagens m\u00f6te i Paris. <\/p>\n<p>\u2013 Syftet med koalitionen \u00e4r att bygga en varaktig fred, s\u00e4ger Storbritanniens premi\u00e4rminister Keir Starmer. <\/p>\n<p>Frankrike och Storbritannien har enats om att s\u00e4tta in en internationell styrka i Ukraina efter att ett fredsavtal med Ryssland n\u00e5tts. I garantierna ing\u00e5r \u00e4ven en \u00f6vervakning under amerikansk ledning. <\/p>\n","protected":false},"excerpt":{"rendered":"Ukrainas allierade har enats om s\u00e4kerhetsgarantier f\u00f6r Ukraina, uppger ledarna inom \u201dkoalitionen av villiga\u201d efter tisdagens m\u00f6te i&hellip;\n","protected":false},"author":2,"featured_media":793,"comment_status":"","ping_status":"","sticky":false,"template":"","format":"standard","meta":{"footnotes":""},"categories":[5],"tags":[22,23,26,27,17,21,24,25,28,29,15,16,18,34,31,33,32,30,19,20],"class_list":{"0":"post-127760","1":"post","2":"type-post","3":"status-publish","4":"format-standard","5":"has-post-thumbnail","7":"category-rubriker","8":"tag-breaking-news","9":"tag-breakingnews","10":"tag-featured-news","11":"tag-featurednews","12":"tag-headlines","13":"tag-huvudnyheter","14":"tag-latest-news","15":"tag-latestnews","16":"tag-main-news","17":"tag-mainnews","18":"tag-news","19":"tag-nyheter","20":"tag-rubriker","21":"tag-se","22":"tag-svenska","23":"tag-sverige","24":"tag-sweden","25":"tag-swedish","26":"tag-top-stories","27":"tag-topstories"},"share_on_mastodon":{"url":"https:\/\/pubeurope.com\/@se\/115851020386385523","error":""},"_links":{"self":[{"href":"https:\/\/www.europesays.com\/se\/wp-json\/wp\/v2\/posts\/127760","targetHints":{"allow":["GET"]}}],"collection":[{"href":"https:\/\/www.europesays.com\/se\/wp-json\/wp\/v2\/posts"}],"about":[{"href":"https:\/\/www.europesays.com\/se\/wp-json\/wp\/v2\/types\/post"}],"author":[{"embeddable":true,"href":"https:\/\/www.europesays.com\/se\/wp-json\/wp\/v2\/users\/2"}],"replies":[{"embeddable":true,"href":"https:\/\/www.europesays.com\/se\/wp-json\/wp\/v2\/comments?post=127760"}],"version-history":[{"count":0,"href":"https:\/\/www.europesays.com\/se\/wp-json\/wp\/v2\/posts\/127760\/revisions"}],"wp:featuredmedia":[{"embeddable":true,"href":"https:\/\/www.europesays.com\/se\/wp-json\/wp\/v2\/media\/793"}],"wp:attachment":[{"href":"https:\/\/www.europesays.com\/se\/wp-json\/wp\/v2\/media?parent=127760"}],"wp:term":[{"taxonomy":"category","embeddable":true,"href":"https:\/\/www.europesays.com\/se\/wp-json\/wp\/v2\/categories?post=127760"},{"taxonomy":"post_tag","embeddable":true,"href":"https:\/\/www.europesays.com\/se\/wp-json\/wp\/v2\/tags?post=127760"}],"curies":[{"name":"wp","href":"https:\/\/api.w.org\/{rel}","templated":true}]}}