{"id":127781,"date":"2026-01-07T01:45:15","date_gmt":"2026-01-07T01:45:15","guid":{"rendered":"https:\/\/www.europesays.com\/se\/127781\/"},"modified":"2026-01-07T01:45:15","modified_gmt":"2026-01-07T01:45:15","slug":"ces-2026-dolby-fokuserar-pa-livesport-i-nasta-generations-hdr","status":"publish","type":"post","link":"https:\/\/www.europesays.com\/se\/127781\/","title":{"rendered":"CES 2026: Dolby fokuserar p\u00e5 livesport i n\u00e4sta generations HDR"},"content":{"rendered":"<p class=\"first_para\">Las Vegas, Ljud &amp; Bild: Dolby anv\u00e4nde CES 2026 f\u00f6r att visa hur f\u00f6retagets bild- och ljudteknologier vinner mark inom streamingbranschen \u2013 och denna g\u00e5ng stod livesport i centrum. \u00c5r 2026 kommer amerikanerna redan att ha tillg\u00e5ng till amerikansk fotboll, basket och baseboll streamat i Dolby Vision och Dolby Atmos.<\/p>\n<p><a href=\"https:\/\/www.nbcuniversal.com\/article\/nbcuniversals-peacock-be-first-streamer-integrate-dolbys-full-suite-premium-picture-and-sound\" target=\"_blank\" rel=\"noopener nofollow\">NBCUniversal<\/a> bekr\u00e4ftade att streamingtj\u00e4nsten Peacock kommer att bli den f\u00f6rsta streamingtj\u00e4nsten som introducerar det nya Dolby Vision 2-formatet (ut\u00f6ver Atmos) som en del av Dolby AC-4-teknikpaketet. F\u00f6rutom film- och serieinneh\u00e5ll \u00e4r planen att anv\u00e4nda det f\u00f6r sportinneh\u00e5ll fr\u00e5n NFL, NBA och MLB under 2026. Inte bara det, utan det finns ocks\u00e5 starka indikationer p\u00e5 att sommarens VM ocks\u00e5 kommer att streamas i Dolby-format.<\/p>\n<p><a href=\"https:\/\/www.lydogbillede.dk\/wp-content\/uploads\/2026\/01\/636749-Dolby-Vision-Atmos-Peacock-fc5457-original-1767657834.png\" target=\"_blank\" rel=\"noopener nofollow\" data-slb-active=\"1\" data-slb-asset=\"903904393\" data-slb-group=\"slb\"><img fetchpriority=\"high\" decoding=\"async\" class=\"wp-image-537960 size-medium\" src=\"https:\/\/www.europesays.com\/se\/wp-content\/uploads\/2026\/01\/636749-Dolby-Vision-Atmos-Peacock-fc5457-original-1767657834-989x556.png\" alt=\"636749 Dolby Vision Atmos Peacock fc5457 original 1767657834\" width=\"989\" height=\"556\" title=\"CES 2026: Dolby fokuserar p\u00e5 livesport i n\u00e4sta generations HDR 1\"\/><\/a>Peacock blir den f\u00f6rsta streamingtj\u00e4nsten som anv\u00e4nder alla Dolbys AV-teknologier. (Foto: Peacock\/Dolby)<br \/>\nDolby Vision och Atmos \u2013 nu \u00e4ven f\u00f6r livesport<\/p>\n<p>I samband med tillk\u00e4nnagivandet bj\u00f6d Dolby in oss till en demonstration av Dolby Live i Park MGM i Las Vegas. H\u00e4r fick vi se en NBA-basketmatch som streamades live i Dolby Vision och visades p\u00e5 en stor sk\u00e4rm. Dolby hade ocks\u00e5 installerat ett kraftfullt PA-system med Dolby Atmos, med kraftfulla h\u00f6gtalare och subwoofrar \u00f6verallt, vilket naturligtvis gav en mycket mer engagerande och rumslig ljudupplevelse \u00e4n vi \u00e4r vana vid fr\u00e5n traditionella sports\u00e4ndningar.<\/p>\n<p>Bilden var en sak, med utm\u00e4rkt kontrast och smidiga kamerapanoreringar, men ljudet var verkligen extraordin\u00e4rt. Kommentatorernas r\u00f6ster, ljudet av bollen och f\u00f6tterna som gnuggade mot parkettgolvet och ljudet fr\u00e5n publiken var mycket tydligare \u00e4n vi \u00e4r vana vid. Dolby menar helt klart att detta kan g\u00f6ra livesport mer \u201dfilmisk\u201d \u2013 \u00e4ven hemma i vardagsrummet.<\/p>\n<p>Peacock \u00e4r en del av Sky Showtime i Norden, men \u00e4r \u00e4nnu inte tillg\u00e4ngligt h\u00e4r, och det finns f\u00f6r n\u00e4rvarande inga liknande lanseringar planerade i v\u00e5r del av v\u00e4rlden. Ibland \u00e4r det bra att bo i USA!<\/p>\n<p>Dolby Vision 2 kommer att f\u00e5 bredare st\u00f6d 2026<\/p>\n<p>Ut\u00f6ver sitt sportinitiativ passade Dolby p\u00e5 att dela med sig av nya detaljer om <a href=\"https:\/\/www.ljudochbild.se\/nyheter\/tv\/dolby-lanserar-dolby-vision-2-kommer-forst-till-hisense-tv\/\" rel=\"nofollow noopener\" target=\"_blank\">Dolby Vision 2<\/a>, n\u00e4sta generation av HDR-formatet. Dolby Vision 2 presenterades f\u00f6rst p\u00e5 IFA 2025 i samarbete med Hisense, men enligt Dolby kommer \u00e4ven TCL och Philips att lansera TV-apparater med st\u00f6d f\u00f6r Dolby Vision 2 under 2026.<\/p>\n<p>Hisense planerar att anv\u00e4nda formatet p\u00e5 sina kommande RGB MiniLED-modeller, inklusive UX-, UR9- och UR8-serierna, och kommer ocks\u00e5 att lansera Dolby Vision 2 p\u00e5 flera befintliga MiniLED-TV-apparater via en senare uppdatering.<\/p>\n<p>TCL har ocks\u00e5 bekr\u00e4ftat att deras QD-Mini LED-TV-apparater i X-serien fr\u00e5n 2026, samt delar av C-serien, kommer att f\u00e5 st\u00f6d f\u00f6r Dolby Vision 2 genom en framtida programuppdatering.<\/p>\n<p>Dessutom har Philips meddelat att deras OLED-TV-apparater fr\u00e5n 2026 kommer att levereras med Dolby Vision 2, inklusive de nya OLED811, OLED911 och toppmodellen OLED951.<\/p>\n<p>Dolby Vision 2 kommer bland annat att l\u00f6sa v\u00e4lk\u00e4nda utmaningar som alltf\u00f6r m\u00f6rka HDR-bilder, \u00f6verdriven r\u00f6relseutj\u00e4mning och den o\u00f6nskade \u201ds\u00e5popera-effekten\u201d. Bilden kommer att optimeras b\u00e4ttre i f\u00f6rh\u00e5llande till ljusf\u00f6rh\u00e5llandena i rummet och den typ av inneh\u00e5ll du tittar p\u00e5, utan att regiss\u00f6rens intentioner f\u00f6r\u00e4ndras.<\/p>\n<p>Dolby Atmos FlexConnect \u2013 enklare surroundljud i ditt vardagsrum<br \/>\n<a href=\"https:\/\/www.lydogbilde.no\/wp-content\/uploads\/2026\/01\/20260105_160626-scaled.jpg\" target=\"_blank\" rel=\"noopener nofollow\" data-slb-active=\"1\" data-slb-asset=\"1589333084\" data-slb-group=\"slb\"><img loading=\"lazy\" decoding=\"async\" class=\"size-large wp-image-537953\" src=\"https:\/\/www.europesays.com\/se\/wp-content\/uploads\/2026\/01\/20260105_160626-scaled.jpg\" alt=\"20260105 160626 scaled\" width=\"1920\" height=\"1081\" title=\"CES 2026: Dolby fokuserar p\u00e5 livesport i n\u00e4sta generations HDR 2\"\/><\/a>Hisense, LG och TCL erbjuder nu h\u00f6gtalare med Dolby Atmos Flexconnect. (Foto: Audun Hage)<\/p>\n<p>P\u00e5 ljudsidan ligger fokus ocks\u00e5 p\u00e5 Dolby Atmos FlexConnect, en teknik som g\u00f6r det enklare att uppn\u00e5 surroundljud utan att beh\u00f6va f\u00f6lja strikta krav p\u00e5 h\u00f6gtalarplacering. FlexConnect g\u00f6r det m\u00f6jligt f\u00f6r TV:n och de tr\u00e5dl\u00f6sa h\u00f6gtalarna att samverka p\u00e5 ett intelligent s\u00e4tt, s\u00e5 att systemet automatiskt anpassar sig efter rummet och h\u00f6gtalarnas placering.<\/p>\n<p>LG \u00e4r nu den senaste tillverkaren som har meddelat att de st\u00f6djer FlexConnect, tillsammans med Hisense och TCL. Utmaningen hittills har varit att man beh\u00f6ver en TV och h\u00f6gtalare fr\u00e5n samma m\u00e4rke f\u00f6r att Flexconnect ska fungera. Detta beror p\u00e5 att produkterna anv\u00e4nder olika protokoll f\u00f6r tr\u00e5dl\u00f6st ljud, vilket Dolby inte kontrollerar. Med introduktionen av LG-systemet kan du dock anv\u00e4nda en soundbar som \u201dledare\u201d i systemet, och i princip kan den anv\u00e4ndas med vilken TV som helst med HDMI.<\/p>\n<p>Talespersoner fr\u00e5n Dolby, som Ljud &amp; Bild talade med p\u00e5 m\u00e4ssan, klargjorde att fler h\u00f6gtalar- och TV-tillverkare kommer att ansluta sig till FlexConnect-ekosystemet i framtiden. Nu beh\u00f6ver vi bara testa det ordentligt s\u00e5 att vi kan h\u00f6ra hur bra de olika h\u00f6gtalarna faktiskt l\u00e5ter i praktiken.<\/p>\n<p>Hur ser det ut i Norden?<\/p>\n<p>Peacock och NBCUniversals sportutbud \u00e4r initialt reserverat f\u00f6r den amerikanska marknaden, men nyheter fr\u00e5n CES visar att Dolby positionerar sig f\u00f6r att \u00e4ven erbjuda sin teknologi f\u00f6r livesport.<\/p>\n<p>F\u00f6r nordiska tittare inneb\u00e4r detta att framtida sportr\u00e4ttigheter och streamingtj\u00e4nster sannolikt kommer att m\u00f6ta \u00f6kade f\u00f6rv\u00e4ntningar p\u00e5 bild- och ljudkvalitet. Eftersom de allra flesta nya TV-modellerna st\u00f6der HDR och Atmos kan 2026 inneb\u00e4ra f\u00f6rb\u00e4ttrad bild- och ljudkvalitet f\u00f6r sports\u00e4ndningar \u2013 \u00e5tminstone p\u00e5 vissa marknader.<\/p>\n<p>    <a href=\"https:\/\/www.ljudochbild.se\/author\/audun-hage\/\" rel=\"nofollow noopener\" target=\"_blank\"><br \/>\n        <img decoding=\"async\" style=\"border-radius:50px;width:90px;\" alt=\"Audun Hage\" src=\"https:\/\/www.europesays.com\/se\/wp-content\/uploads\/2025\/08\/audun_h.jpg\"\/> <\/a>   <\/p>\n<p>\n(f. 1981): Journalist. Audun anst\u00e4lldes som journalist p\u00e5 Ljud &amp; Bild 2004 och har spelat en aktiv roll i utvecklingen av L&amp;B som tidning och webbplats. Audun \u00e4r extremt kvalitetsmedveten och k\u00e4nd f\u00f6r sina kr\u00e4sna \u00f6ron och skarpa \u00f6gon. Han ansvarar f\u00f6r Ljud &amp; Bilds TV-tester.\n<\/p>\n<p>    <a href=\"https:\/\/www.ljudochbild.se\/arets-basta-home-produkter-2025-2026\/\" rel=\"nofollow noopener\" target=\"_blank\"> <img decoding=\"async\" src=\"https:\/\/www.europesays.com\/se\/wp-content\/uploads\/2025\/11\/Svensk-Home-1.png\"\/><\/a><\/p>\n","protected":false},"excerpt":{"rendered":"Las Vegas, Ljud &amp; Bild: Dolby anv\u00e4nde CES 2026 f\u00f6r att visa hur f\u00f6retagets bild- och ljudteknologier vinner&hellip;\n","protected":false},"author":2,"featured_media":127782,"comment_status":"","ping_status":"","sticky":false,"template":"","format":"standard","meta":{"footnotes":""},"categories":[66],"tags":[80,78,79,34,31,33,32,30,81,84,83,82],"class_list":{"0":"post-127781","1":"post","2":"type-post","3":"status-publish","4":"format-standard","5":"has-post-thumbnail","7":"category-vetenskap-och-teknik","8":"tag-science","9":"tag-science-and-technology","10":"tag-scienceandtechnology","11":"tag-se","12":"tag-svenska","13":"tag-sverige","14":"tag-sweden","15":"tag-swedish","16":"tag-technology","17":"tag-teknik","18":"tag-vetenskap","19":"tag-vetenskapteknik"},"share_on_mastodon":{"url":"https:\/\/pubeurope.com\/@se\/115851291692290963","error":""},"_links":{"self":[{"href":"https:\/\/www.europesays.com\/se\/wp-json\/wp\/v2\/posts\/127781","targetHints":{"allow":["GET"]}}],"collection":[{"href":"https:\/\/www.europesays.com\/se\/wp-json\/wp\/v2\/posts"}],"about":[{"href":"https:\/\/www.europesays.com\/se\/wp-json\/wp\/v2\/types\/post"}],"author":[{"embeddable":true,"href":"https:\/\/www.europesays.com\/se\/wp-json\/wp\/v2\/users\/2"}],"replies":[{"embeddable":true,"href":"https:\/\/www.europesays.com\/se\/wp-json\/wp\/v2\/comments?post=127781"}],"version-history":[{"count":0,"href":"https:\/\/www.europesays.com\/se\/wp-json\/wp\/v2\/posts\/127781\/revisions"}],"wp:featuredmedia":[{"embeddable":true,"href":"https:\/\/www.europesays.com\/se\/wp-json\/wp\/v2\/media\/127782"}],"wp:attachment":[{"href":"https:\/\/www.europesays.com\/se\/wp-json\/wp\/v2\/media?parent=127781"}],"wp:term":[{"taxonomy":"category","embeddable":true,"href":"https:\/\/www.europesays.com\/se\/wp-json\/wp\/v2\/categories?post=127781"},{"taxonomy":"post_tag","embeddable":true,"href":"https:\/\/www.europesays.com\/se\/wp-json\/wp\/v2\/tags?post=127781"}],"curies":[{"name":"wp","href":"https:\/\/api.w.org\/{rel}","templated":true}]}}