{"id":127797,"date":"2026-01-07T02:18:08","date_gmt":"2026-01-07T02:18:08","guid":{"rendered":"https:\/\/www.europesays.com\/se\/127797\/"},"modified":"2026-01-07T02:18:08","modified_gmt":"2026-01-07T02:18:08","slug":"ny-vikbar-i-storre-format","status":"publish","type":"post","link":"https:\/\/www.europesays.com\/se\/127797\/","title":{"rendered":"ny vikbar i st\u00f6rre format"},"content":{"rendered":"<p class=\"kicker t20 font-Raleway\" style=\"\">Med stor sk\u00e4rm<\/p>\n<p>    Razr Fold \u00e4r Motorolas f\u00f6rsta mobil i st\u00f6rre vikbart format.<\/p>\n<p>P\u00e5 m\u00e4ssan CES i Las Vegas visade Motorola upp sin f\u00f6rsta vikbara i det st\u00f6rre fold-formatet, men det r\u00f6rde sig mer om en f\u00f6rhandstitt \u00e4n en faktisk lansering. Vi har inget pris eller s\u00e4ljstart f\u00f6r enheten och Motorola har \u00e4nnu inte delat med sig av det mesta av specifikationerna f\u00f6r Razr Fold. Enligt motorola kommer man att dela med sig av mer fakta de kommande m\u00e5naderna, vilket ger en fingervisning om att mobilen kanske kan dr\u00f6ja till b\u00f6rjan av sommaren.<\/p>\n<p>                <img decoding=\"async\" src=\"https:\/\/www.europesays.com\/se\/wp-content\/uploads\/2026\/01\/1665768.webp.jpeg\" width=\"480\" height=\"480\" title=\"Motorola Razr Fold: ny vikbar i st\u00f6rre format\" alt=\"\" loading=\"lazy\" style=\"\"\/><\/p>\n<p>Det man delar med sig av \u00e4r att telefonen ska ha en yttre sk\u00e4rm p\u00e5 6,56 tum och telefonen ska k\u00e4nnas som en vanlig mobil hopf\u00e4lld. Vi vet dock inte vilken tjocklek den har. Den inre sk\u00e4rmen ska vara p\u00e5 8,09 tum med 2k-uppl\u00f6sning och kunna anv\u00e4ndas med Motorolas nya pekpenna Moto Pen Ultra.<\/p>\n<p>Motorola Razr Fold ska ha en trippelkamera p\u00e5 utsidan med huvudkamera, telekamera och vidvinkelkamera, alla med 50 megapixel. Telekameran ska vara av periskoptyp med tre g\u00e5ngers optisk zoom.<\/p>\n<p>Tills vi f\u00e5r veta mer f\u00e5r vi h\u00e5lla till godo med de bilder p\u00e5 enheten som Motorola delat med sig av.<\/p>\n","protected":false},"excerpt":{"rendered":"Med stor sk\u00e4rm Razr Fold \u00e4r Motorolas f\u00f6rsta mobil i st\u00f6rre vikbart format. P\u00e5 m\u00e4ssan CES i Las&hellip;\n","protected":false},"author":2,"featured_media":127798,"comment_status":"","ping_status":"","sticky":false,"template":"","format":"standard","meta":{"footnotes":""},"categories":[66],"tags":[80,78,79,34,31,33,32,30,81,84,83,82],"class_list":{"0":"post-127797","1":"post","2":"type-post","3":"status-publish","4":"format-standard","5":"has-post-thumbnail","7":"category-vetenskap-och-teknik","8":"tag-science","9":"tag-science-and-technology","10":"tag-scienceandtechnology","11":"tag-se","12":"tag-svenska","13":"tag-sverige","14":"tag-sweden","15":"tag-swedish","16":"tag-technology","17":"tag-teknik","18":"tag-vetenskap","19":"tag-vetenskapteknik"},"share_on_mastodon":{"url":"https:\/\/pubeurope.com\/@se\/115851421957848652","error":""},"_links":{"self":[{"href":"https:\/\/www.europesays.com\/se\/wp-json\/wp\/v2\/posts\/127797","targetHints":{"allow":["GET"]}}],"collection":[{"href":"https:\/\/www.europesays.com\/se\/wp-json\/wp\/v2\/posts"}],"about":[{"href":"https:\/\/www.europesays.com\/se\/wp-json\/wp\/v2\/types\/post"}],"author":[{"embeddable":true,"href":"https:\/\/www.europesays.com\/se\/wp-json\/wp\/v2\/users\/2"}],"replies":[{"embeddable":true,"href":"https:\/\/www.europesays.com\/se\/wp-json\/wp\/v2\/comments?post=127797"}],"version-history":[{"count":0,"href":"https:\/\/www.europesays.com\/se\/wp-json\/wp\/v2\/posts\/127797\/revisions"}],"wp:featuredmedia":[{"embeddable":true,"href":"https:\/\/www.europesays.com\/se\/wp-json\/wp\/v2\/media\/127798"}],"wp:attachment":[{"href":"https:\/\/www.europesays.com\/se\/wp-json\/wp\/v2\/media?parent=127797"}],"wp:term":[{"taxonomy":"category","embeddable":true,"href":"https:\/\/www.europesays.com\/se\/wp-json\/wp\/v2\/categories?post=127797"},{"taxonomy":"post_tag","embeddable":true,"href":"https:\/\/www.europesays.com\/se\/wp-json\/wp\/v2\/tags?post=127797"}],"curies":[{"name":"wp","href":"https:\/\/api.w.org\/{rel}","templated":true}]}}