{"id":127807,"date":"2026-01-07T03:15:20","date_gmt":"2026-01-07T03:15:20","guid":{"rendered":"https:\/\/www.europesays.com\/se\/127807\/"},"modified":"2026-01-07T03:15:20","modified_gmt":"2026-01-07T03:15:20","slug":"cancer-i-lungan-kan-upptackas-pa-tio-markorer-i-ditt-andetag","status":"publish","type":"post","link":"https:\/\/www.europesays.com\/se\/127807\/","title":{"rendered":"Cancer i lungan kan uppt\u00e4ckas \u2013 p\u00e5 tio mark\u00f6rer i ditt andetag"},"content":{"rendered":"<p>Patienter f\u00f6re och efter operation<\/p>\n<p>Forskargruppen har under flera \u00e5r utvecklat tekniken och publicerat flera studier. I en \u00e4nnu inte publicerad studie har man analyserat patienter b\u00e5de f\u00f6re och efter operation och j\u00e4mf\u00f6rt resultaten med en frisk kontrollgrupp.<\/p>\n<p>Kopplas till tum\u00f6rerna<\/p>\n<p>Materialet analyseras med masspektrometri f\u00f6r att identifiera m\u00f6nster som \u00e4r kopplade till cancer.<\/p>\n<p>\u201dVi ser att det \u00e4r vissa typer av proteiner inblandade som kan kopplas till tum\u00f6rerna\u201d, s\u00e4ger Sandra Lindstedt till Aftonbladet.<\/p>\n<p>Tio cancer-mark\u00f6rer<\/p>\n<p>I analyserna har forskarna identifierat omkring tio mark\u00f6rer som kan kopplas till cancer. Det g\u00e5r \u00e4ven att skilja mellan olika typer av lungcancer, bland annat sm\u00e5cellig och icke-sm\u00e5cellig lungcancer.<\/p>\n<p>Under 2024 fick 4 340 personer i Sverige diagnosen lungcancer, varav fler kvinnor \u00e4n m\u00e4n. Vanliga symtom \u00e4r l\u00e5ngvarig hosta, andf\u00e5ddhet i vila och sm\u00e4rta i br\u00f6stkorgen. Prognosen kan vara god om sjukdomen uppt\u00e4cks tidigt, men lungcancer \u00e4r fortfarande en av de cancerformer som flest d\u00f6r av.<\/p>\n<p>M\u00e5let \u00e4r att metoden p\u00e5 sikt ska kunna anv\u00e4ndas som screening, b\u00e5de p\u00e5 sjukhus och v\u00e5rdcentraler. Enligt forskarna ligger detta n\u00e5gra \u00e5r fram i tiden.<\/p>\n<p>\u201dVi vill inte missa n\u00e5gon patient med den h\u00e4r metoden\u201d, s\u00e4ger Sandra Lindstedt till Aftonbladet.<\/p>\n<p>L\u00e4s mer om ekonomi:<\/p>\n<p><a href=\"https:\/\/www.news55.se\/privatekonomi\/trots-laga-bensinpriset-2026-stiger-priset-igen-i-hela-eu\/\" rel=\"nofollow noopener\" target=\"_blank\">Trots l\u00e5ga bensinpriset: 2026 stiger priset igen \u2013 i hela EU<\/a><\/p>\n<p><a href=\"https:\/\/www.news55.se\/privatekonomi\/tipset-spara-i-traditionella-banker-och-indexfonder-2026\/\" rel=\"nofollow noopener\" target=\"_blank\">Tipset: Spara i traditionella banker och indexfonder 2026<\/a><\/p>\n<p><a href=\"https:\/\/www.news55.se\/privatekonomi\/rad-om-din-premiepension-pa-sociala-medier-kan-bli-en-riktig-falla\/\" rel=\"nofollow noopener\" target=\"_blank\">R\u00e5d om din premiepension p\u00e5 sociala medier kan bli en riktig f\u00e4lla<\/a><\/p>\n<p><a href=\"https:\/\/www.news55.se\/privatekonomi\/nya-regler-for-korkort-efter-nyar-har-ar-alla-forandringar\/\" rel=\"nofollow noopener\" target=\"_blank\">Nya regler f\u00f6r k\u00f6rkort efter ny\u00e5r \u2013 h\u00e4r \u00e4r alla f\u00f6r\u00e4ndringar<\/a><\/p>\n<p><strong>\u00a0<\/strong><a href=\"https:\/\/www.news55.se\/privatekonomi\/1-januari-avskaffas-sveriges-pensionsalder-sa-drabbas-din-arskull\/\" rel=\"nofollow noopener\" target=\"_blank\">1 januari avskaffas Sveriges pensions\u00e5lder: S\u00e5 drabbas din \u00e5rskull<\/a><a href=\"https:\/\/www.news55.se\/privatekonomi\/trots-laga-bensinpriset-2026-stiger-priset-igen-i-hela-eu\/\" rel=\"nofollow noopener\" target=\"_blank\"><br \/><\/a><\/p>\n<p>L\u00e4s mer fr\u00e5n News55 &#8211; v\u00e5rt nyhetsbrev \u00e4r kostnadsfritt:Prenumerera<\/p>\n","protected":false},"excerpt":{"rendered":"Patienter f\u00f6re och efter operation Forskargruppen har under flera \u00e5r utvecklat tekniken och publicerat flera studier. I en&hellip;\n","protected":false},"author":2,"featured_media":127808,"comment_status":"","ping_status":"","sticky":false,"template":"","format":"standard","meta":{"footnotes":""},"categories":[69],"tags":[1761,632,113,112,13217,34,2298,31,33,32,30],"class_list":{"0":"post-127807","1":"post","2":"type-post","3":"status-publish","4":"format-standard","5":"has-post-thumbnail","7":"category-halsa","8":"tag-cancer","9":"tag-forskning","10":"tag-halsa","11":"tag-health","12":"tag-lungor","13":"tag-se","14":"tag-sjukvard","15":"tag-svenska","16":"tag-sverige","17":"tag-sweden","18":"tag-swedish"},"share_on_mastodon":{"url":"https:\/\/pubeurope.com\/@se\/115851645599098866","error":""},"_links":{"self":[{"href":"https:\/\/www.europesays.com\/se\/wp-json\/wp\/v2\/posts\/127807","targetHints":{"allow":["GET"]}}],"collection":[{"href":"https:\/\/www.europesays.com\/se\/wp-json\/wp\/v2\/posts"}],"about":[{"href":"https:\/\/www.europesays.com\/se\/wp-json\/wp\/v2\/types\/post"}],"author":[{"embeddable":true,"href":"https:\/\/www.europesays.com\/se\/wp-json\/wp\/v2\/users\/2"}],"replies":[{"embeddable":true,"href":"https:\/\/www.europesays.com\/se\/wp-json\/wp\/v2\/comments?post=127807"}],"version-history":[{"count":0,"href":"https:\/\/www.europesays.com\/se\/wp-json\/wp\/v2\/posts\/127807\/revisions"}],"wp:featuredmedia":[{"embeddable":true,"href":"https:\/\/www.europesays.com\/se\/wp-json\/wp\/v2\/media\/127808"}],"wp:attachment":[{"href":"https:\/\/www.europesays.com\/se\/wp-json\/wp\/v2\/media?parent=127807"}],"wp:term":[{"taxonomy":"category","embeddable":true,"href":"https:\/\/www.europesays.com\/se\/wp-json\/wp\/v2\/categories?post=127807"},{"taxonomy":"post_tag","embeddable":true,"href":"https:\/\/www.europesays.com\/se\/wp-json\/wp\/v2\/tags?post=127807"}],"curies":[{"name":"wp","href":"https:\/\/api.w.org\/{rel}","templated":true}]}}