{"id":127813,"date":"2026-01-07T03:22:09","date_gmt":"2026-01-07T03:22:09","guid":{"rendered":"https:\/\/www.europesays.com\/se\/127813\/"},"modified":"2026-01-07T03:22:09","modified_gmt":"2026-01-07T03:22:09","slug":"skulle-pa-dromresan-ar-strandade-i-snokaoset-pa-schiphol","status":"publish","type":"post","link":"https:\/\/www.europesays.com\/se\/127813\/","title":{"rendered":"Skulle p\u00e5 dr\u00f6mresan \u2013 \u00e4r strandade i sn\u00f6kaoset p\u00e5 Schiphol"},"content":{"rendered":"<p>Publicerad 6 jan 2026 kl 20.28Uppdaterad 7 jan kl 00.03<\/p>\n<p>Dr\u00f6mresan till Aruba blev sn\u00f6kaos i Amsterdam.\u00a0<\/p>\n<p>Mona och hennes familj har nu varit strandsatta i flera dygn och lagt ut n\u00e4stan 60 000 kronor p\u00e5 hotell och inst\u00e4llda flyg.<\/p>\n<p>\u2013 Vi \u00e4r otroligt besvikna, s\u00e4ger hon.<\/p>\n<p>Senaste nyhetsklippen fr\u00e5n Expressen.<img   alt=\"\"\/><\/p>\n<p>Familjen blev strandade i Amsterdam och kom aldrig fram till Aruba.<\/p>\n<p>Foto: Privat<\/p>\n<p>\u00d6ppna bild i helsk\u00e4rm<img loading=\"lazy\"   alt=\"\"\/><\/p>\n<p>Familjen p\u00e5 Schiphol.<\/p>\n<p>Foto: Privat<\/p>\n<p>\u00d6ppna bild i helsk\u00e4rm<img loading=\"lazy\"   alt=\"\"\/><\/p>\n<p>Resen\u00e4rer har varit fast i dagar p\u00e5 flygplatsen Schiphol i Amsterdam.<\/p>\n<p>Foto: ROBIN VAN LONKHUIJSEN \/ EPA ANP<\/p>\n<p>\u00d6ppna bild i helsk\u00e4rmArtikeln i korthet <\/p>\n<p> Familjens dr\u00f6mresa till Aruba stoppades av sn\u00f6kaos och st\u00e4ngt luftrum. P\u00e5 tisdagen har de varit fast i Amsterdam i fyra dygn.<\/p>\n<p> De f\u00f6rs\u00f6ker ta sig tillbaka till Sverige och har bokat tre flyg som alla blivit inst\u00e4llda.\u00a0<\/p>\n<p> Totalt har de lagt ut n\u00e4rmare 60 000 kronor, ut\u00f6ver den ursprungliga resekostnaden.\u00a0<\/p>\n<p> Familjen \u00e4r kritisk till KLM f\u00f6r brist p\u00e5 information och hj\u00e4lp.<\/p>\n<p>Visa mer<\/p>\n<p>Mona och Magnus hade bokat sin dr\u00f6mresa till Karibien. Tillsammans med sina tre barn skulle de tillbringa tio dagar p\u00e5 paradis\u00f6n Aruba och hela familjen var f\u00f6rv\u00e4ntansfulla.<\/p>\n<p>Men v\u00e4dret ville n\u00e5got annat och de tog sig bara till <a href=\"https:\/\/www.expressen.se\/tagg\/location\/amsterdam\/\" class=\"\" rel=\"nofollow noopener\" target=\"_blank\">Amsterdam<\/a>, d\u00e4r de p\u00e5 tisdagen varit strandsatta i fyra dygn i sn\u00f6ov\u00e4dret.<\/p>\n<p>\u2013 Man jobbar mycket och t\u00e4nker p\u00e5 de h\u00e4r tio dagarna man ska f\u00e5 ihop. Barnen har sett fram emot resan och kollat p\u00e5 bilder. Vi har tagit sprutor och vaccin, s\u00e4ger Mona.<\/p>\n<p>Fick inte flyga \u00f6ver Venezuela\u00a0<\/p>\n<p>Problemen b\u00f6rjade redan p\u00e5 avresedagen. Familjen skulle flyga fr\u00e5n Landvetter tidigt p\u00e5 l\u00f6rdagen, men planet blev flera timmar f\u00f6rsenat p\u00e5 grund av v\u00e4dret.<\/p>\n<p>V\u00e4l i Amsterdam fick de veta att flyget till Aruba var inst\u00e4llt. Venezuelas luftrum hade st\u00e4ngts efter att USA bombat m\u00e5l i landet och tillf\u00e5ngatagit presidenten.<\/p>\n<p>Och p\u00e5 Schiphol m\u00f6ttes familjen av kaos: l\u00e5nga k\u00f6er och v\u00e4skor som samlats p\u00e5 h\u00f6g till f\u00f6ljd av de m\u00e5nga inst\u00e4llda flygen. Flygplatsen har de senaste dagarna varit den mest st\u00f6rningsdrabbade i v\u00e4rlden.\u00a0<\/p>\n<p>\u2013 Vi k\u00f6ade i tre timmar till KLM:s infodesk och fick ingen information. De sa bara att vi kunde \u00e5ka tidigast om fyra dagar. Vi var alla tr\u00f6tta och fick ingen mat eller n\u00e5got, s\u00e4ger Mona.<\/p>\n<p>Familjen m\u00f6ttes av l\u00e5nga k\u00f6er p\u00e5 Schiphol.Kritiken: \u201dFruktansv\u00e4rt d\u00e5ligt\u201d<\/p>\n<p>Familjen bokade in sig p\u00e5 ett hotell och KLM erbj\u00f6d en flygning till Aruba den 7 januari p\u00e5 30 timmar.<\/p>\n<p>\u2013 Vi k\u00e4nde att det inte g\u00e5r med tre barn och att tiden p\u00e5 Aruba hela tiden krymper om man inte kommer i v\u00e4g. Och det \u00e4r ju inte sm\u00e5pengar man har lagt p\u00e5 en s\u00e5n h\u00e4r resa, s\u00e4ger Mona.<\/p>\n<p>Familjen best\u00e4mde sig f\u00f6r att \u00e5ka hem och bokade ett flyg till G\u00f6teborg under m\u00e5ndagen. En kostnad de sj\u00e4lva fick st\u00e5 f\u00f6r. Flyget skulle g\u00e5 vid 21-tiden men i st\u00e4llet blev de sittande i planet i tre timmar innan de fick veta att \u00e4ven det var inst\u00e4llt.<\/p>\n<p>\u2013 Tiden gick och ingen sa vad som h\u00e4nde. Piloten var trevlig men de hade inte heller n\u00e5gon information. Vi fick bara lite vatten och en banankaka. Det var fruktansv\u00e4rt d\u00e5ligt av KLM, s\u00e4ger Magnus.<\/p>\n<p>De gjorde ett f\u00f6rs\u00f6k till med ett flyg till K\u00f6penhamn p\u00e5 tisdagen men oturen var framme igen.<\/p>\n<p>Lagt ut n\u00e4stan 60 000<\/p>\n<p>Familjen har nu varit i Amsterdam i flera dygn och lagt ut pengar f\u00f6r hotell, taxiresor och inst\u00e4llda flyg \u2013 ut\u00f6ver den ursprungliga resekostnaden.<\/p>\n<p>De har \u00e4ven k\u00f6pt nya kl\u00e4der eftersom det incheckade bagaget inte kommit fram.<\/p>\n<p>\u2013 Vi har totalt tre inst\u00e4llda flyg. Man vill ju hem n\u00e5gon g\u00e5ng. Det kanske l\u00e5ter som i-landsproblem med f\u00f6rseningar n\u00e5gra timmar hit och dit, men nu blir det flera dygn. Vi har nog lagt mellan 50 000 och 60 000 hittills, s\u00e4ger Mona.<\/p>\n<p>De har ett flyg bokat fr\u00e5n Bryssel p\u00e5 torsdag och ber till v\u00e4dergudarna att de \u00e4ntligen ska kunna komma hem. De hoppas \u00e4ven f\u00e5 tillbaka pengarna f\u00f6r resan med sin resegaranti.<\/p>\n<p>Trots besvikelsen f\u00f6rs\u00f6ker de h\u00e5lla modet uppe.<\/p>\n<p>\u2013 S\u00e5 h\u00e4r \u00e4r det i livet. Man ska vara medveten om att allt kan h\u00e4nda, s\u00e4ger Mona.<\/p>\n<p><img loading=\"lazy\"   alt=\"\"\/><\/p>\n<p>Ett KLM-plan avisas p\u00e5 Schiphol.<\/p>\n<p>Foto: KOEN VAN WEEL \/ EPA ANP<\/p>\n<p>\u00d6ppna bild i helsk\u00e4rm<img loading=\"lazy\"   alt=\"\"\/><\/p>\n<p>Informationstavlan lyser gult med inst\u00e4llda avg\u00e5ngar.<\/p>\n<p>Foto: ANP\/SHUTTERSTOCK<\/p>\n<p>\u00d6ppna bild i helsk\u00e4rm<\/p>\n","protected":false},"excerpt":{"rendered":"Publicerad 6 jan 2026 kl 20.28Uppdaterad 7 jan kl 00.03 Dr\u00f6mresan till Aruba blev sn\u00f6kaos i Amsterdam.\u00a0 Mona&hellip;\n","protected":false},"author":2,"featured_media":127814,"comment_status":"","ping_status":"","sticky":false,"template":"","format":"standard","meta":{"footnotes":""},"categories":[5],"tags":[22,23,26,27,17,21,24,25,13164,28,29,15,16,18,34,154,31,33,32,30,19,9026,20],"class_list":{"0":"post-127813","1":"post","2":"type-post","3":"status-publish","4":"format-standard","5":"has-post-thumbnail","7":"category-rubriker","8":"tag-breaking-news","9":"tag-breakingnews","10":"tag-featured-news","11":"tag-featurednews","12":"tag-headlines","13":"tag-huvudnyheter","14":"tag-latest-news","15":"tag-latestnews","16":"tag-location-amsterdam","17":"tag-main-news","18":"tag-mainnews","19":"tag-news","20":"tag-nyheter","21":"tag-rubriker","22":"tag-se","23":"tag-sections-sverige","24":"tag-svenska","25":"tag-sverige","26":"tag-sweden","27":"tag-swedish","28":"tag-top-stories","29":"tag-topic-snoovader","30":"tag-topstories"},"share_on_mastodon":{"url":"https:\/\/pubeurope.com\/@se\/115851673140593376","error":""},"_links":{"self":[{"href":"https:\/\/www.europesays.com\/se\/wp-json\/wp\/v2\/posts\/127813","targetHints":{"allow":["GET"]}}],"collection":[{"href":"https:\/\/www.europesays.com\/se\/wp-json\/wp\/v2\/posts"}],"about":[{"href":"https:\/\/www.europesays.com\/se\/wp-json\/wp\/v2\/types\/post"}],"author":[{"embeddable":true,"href":"https:\/\/www.europesays.com\/se\/wp-json\/wp\/v2\/users\/2"}],"replies":[{"embeddable":true,"href":"https:\/\/www.europesays.com\/se\/wp-json\/wp\/v2\/comments?post=127813"}],"version-history":[{"count":0,"href":"https:\/\/www.europesays.com\/se\/wp-json\/wp\/v2\/posts\/127813\/revisions"}],"wp:featuredmedia":[{"embeddable":true,"href":"https:\/\/www.europesays.com\/se\/wp-json\/wp\/v2\/media\/127814"}],"wp:attachment":[{"href":"https:\/\/www.europesays.com\/se\/wp-json\/wp\/v2\/media?parent=127813"}],"wp:term":[{"taxonomy":"category","embeddable":true,"href":"https:\/\/www.europesays.com\/se\/wp-json\/wp\/v2\/categories?post=127813"},{"taxonomy":"post_tag","embeddable":true,"href":"https:\/\/www.europesays.com\/se\/wp-json\/wp\/v2\/tags?post=127813"}],"curies":[{"name":"wp","href":"https:\/\/api.w.org\/{rel}","templated":true}]}}