{"id":127815,"date":"2026-01-07T03:25:21","date_gmt":"2026-01-07T03:25:21","guid":{"rendered":"https:\/\/www.europesays.com\/se\/127815\/"},"modified":"2026-01-07T03:25:21","modified_gmt":"2026-01-07T03:25:21","slug":"satter-punkt-efter-25-ar-nu-lamnar-ernst-kirchsteiger-tv-filipstads-tidning","status":"publish","type":"post","link":"https:\/\/www.europesays.com\/se\/127815\/","title":{"rendered":"S\u00c4TTER PUNKT: Efter 25 \u00e5r \u2013 nu l\u00e4mnar Ernst Kirchsteiger tv &#8211; Filipstads Tidning"},"content":{"rendered":"<ol>\n<li><a href=\"https:\/\/news.google.com\/rss\/articles\/CBMijwFBVV95cUxQLXdrelU0LTRJMkt6MkNOM2hoM25RNHpybUZwZFJRLVM2X2dDRDdWVnlBcXdldVk3bVdnYkRHLVVPYkwwSnVIZU96YW55NWR5X1FqTV84OUZDc2FHaXlDZHljSlptQXZuLWZPWGFEZlhCa0trTGRsaHFrbDRkLWJiMG1zS3ppbXFjOFVxSnZKbw?oc=5\" target=\"_blank\" rel=\"nofollow noopener\">S\u00c4TTER PUNKT: Efter 25 \u00e5r \u2013 nu l\u00e4mnar Ernst Kirchsteiger tv<\/a>&nbsp;&nbsp;Filipstads Tidning<\/li>\n<li><a href=\"https:\/\/news.google.com\/rss\/articles\/CBMitAFBVV95cUxNV2JBZzBMYl8ycWVCb1VNTkhfRXBQMVNzMlN2Q2lGbXBkZGRERmFZd0tIckk5bzI5VG5Od1ZWcTVkaklCT09NcGo0ajExV0U1SzFkVXlnM3ZsTVp3cDVyNm9uV21mVjZTZTNFUllXVDNpalRmYnZUUVk1ZDZKSmx1NThLQmtuaDduTk10NTNSdF8wV3FNamtBN0pRRXR4MWhQU1c5bURyWlQ4RXRMM1BGYXh5c1U?oc=5\" target=\"_blank\" rel=\"nofollow noopener\">D\u00e4rf\u00f6r l\u00e4mnar Kirchsteiger tv-rutan<\/a>&nbsp;&nbsp;GP<\/li>\n<li><a href=\"https:\/\/news.google.com\/rss\/articles\/CBMimAFBVV95cUxPU1ZyWjJFOGp3bExGbnhWcDc3UnBKNkI2SThFeGE2UkttbUtmMW9HalR2b0VEZ0ttWlZic1pLWG03Nk5HU1gyakpzTXB5N1FrLTg2M2pMMVJOMVkxQWFoUVFneWxmVHdmaTQ0RjZSZDVVNDZvLWgtVlhNWUd4Tm03cmc2SEJENDNQZ0RNVU1pdUg2endJLS1IVA?oc=5\" target=\"_blank\" rel=\"nofollow noopener\">D\u00e4rf\u00f6r l\u00e4mnar Ernst rutan efter 25 \u00e5r<\/a>&nbsp;&nbsp;TV4 Nyheterna<\/li>\n<li><a href=\"https:\/\/news.google.com\/rss\/articles\/CBMie0FVX3lxTE5FcDZQVlZ4Rzlud1JIVm1ZNjFzb0pQa0p4TFMyZXBFTGVPZlJGbmx4c2FybzVOWjlRay0tbTFwR0pGTmJJTEdEa3N0aW9NSlJFUjB5OU14UUZQbTlYLWs5VEJSYW5adEp2bzl0Rl9JNHRFczNSYnRfT0hBUQ?oc=5\" target=\"_blank\" rel=\"nofollow noopener\">Kirchsteiger l\u00e4mnar tv-rutan: \u201d\u00c4r 68 \u00e5r, herregud\u201d<\/a>&nbsp;&nbsp;Omni<\/li>\n<li><a href=\"https:\/\/news.google.com\/rss\/articles\/CBMilAFBVV95cUxOU3ZBc1BHWkdMMmFRNENtSXpxVkhKb2JycWxDV29QdUJXSlhPUUxqb0prZm1oeFpmVTU1ZWxOQldiRHZONk80V2FVQzNEOGRveUhGa2dBRFJZdUhVQXFNNnNsc0pGV2VIX1hsNmI3TUZlRG9iZFNVNVg3ZUlDVjVtcm1Rb3ZLQ1luMlIzcmllX2dweFZ1?oc=5\" target=\"_blank\" rel=\"nofollow noopener\">Ernst Kirchsteigers t\u00e5rar i TV4 \u2013 l\u00e4mnar tv-rutan efter 25 \u00e5r<\/a>&nbsp;&nbsp;Expressen<\/li>\n<\/ol>\n","protected":false},"excerpt":{"rendered":"S\u00c4TTER PUNKT: Efter 25 \u00e5r \u2013 nu l\u00e4mnar Ernst Kirchsteiger tv&nbsp;&nbsp;Filipstads Tidning D\u00e4rf\u00f6r l\u00e4mnar Kirchsteiger tv-rutan&nbsp;&nbsp;GP D\u00e4rf\u00f6r l\u00e4mnar&hellip;\n","protected":false},"author":2,"featured_media":123769,"comment_status":"","ping_status":"","sticky":false,"template":"","format":"standard","meta":{"footnotes":""},"categories":[67],"tags":[104,34,31,33,32,30,105],"class_list":{"0":"post-127815","1":"post","2":"type-post","3":"status-publish","4":"format-standard","5":"has-post-thumbnail","7":"category-underhallning","8":"tag-entertainment","9":"tag-se","10":"tag-svenska","11":"tag-sverige","12":"tag-sweden","13":"tag-swedish","14":"tag-underhallning"},"share_on_mastodon":{"url":"https:\/\/pubeurope.com\/@se\/115851684925192455","error":""},"_links":{"self":[{"href":"https:\/\/www.europesays.com\/se\/wp-json\/wp\/v2\/posts\/127815","targetHints":{"allow":["GET"]}}],"collection":[{"href":"https:\/\/www.europesays.com\/se\/wp-json\/wp\/v2\/posts"}],"about":[{"href":"https:\/\/www.europesays.com\/se\/wp-json\/wp\/v2\/types\/post"}],"author":[{"embeddable":true,"href":"https:\/\/www.europesays.com\/se\/wp-json\/wp\/v2\/users\/2"}],"replies":[{"embeddable":true,"href":"https:\/\/www.europesays.com\/se\/wp-json\/wp\/v2\/comments?post=127815"}],"version-history":[{"count":0,"href":"https:\/\/www.europesays.com\/se\/wp-json\/wp\/v2\/posts\/127815\/revisions"}],"wp:featuredmedia":[{"embeddable":true,"href":"https:\/\/www.europesays.com\/se\/wp-json\/wp\/v2\/media\/123769"}],"wp:attachment":[{"href":"https:\/\/www.europesays.com\/se\/wp-json\/wp\/v2\/media?parent=127815"}],"wp:term":[{"taxonomy":"category","embeddable":true,"href":"https:\/\/www.europesays.com\/se\/wp-json\/wp\/v2\/categories?post=127815"},{"taxonomy":"post_tag","embeddable":true,"href":"https:\/\/www.europesays.com\/se\/wp-json\/wp\/v2\/tags?post=127815"}],"curies":[{"name":"wp","href":"https:\/\/api.w.org\/{rel}","templated":true}]}}