{"id":12785,"date":"2025-08-24T20:57:07","date_gmt":"2025-08-24T20:57:07","guid":{"rendered":"https:\/\/www.europesays.com\/se\/12785\/"},"modified":"2025-08-24T20:57:07","modified_gmt":"2025-08-24T20:57:07","slug":"starkt-om-an-inte-perfekt","status":"publish","type":"post","link":"https:\/\/www.europesays.com\/se\/12785\/","title":{"rendered":"\u201dStarkt om \u00e4n inte perfekt\u201d"},"content":{"rendered":"<p>EU-chefen Ursula von der Leyen f\u00f6rsvarar det kritiserade handelsavtalet med Donald Trump. <\/p>\n<p>Ryssland och Kina hade jublat \u00e5t ett handelskrig mellan EU och USA, s\u00e4ger hon i en intervju med Frankfurter Allgemeine Zeitung.<\/p>\n<p>\u2013 I\u202fst\u00e4llet har vi enats om ett starkt om \u00e4n inte perfekt avtal, s\u00e4ger hon till tidningen.<\/p>\n<p>Uppg\u00f6relsen skapar stabilitet \u2013 h\u00e4mndtullar och ett handelskrig hade i\u202fst\u00e4llet f\u00e5tt \u201dnegativa konsekvenser f\u00f6r v\u00e5ra arbetare, konsumenter och v\u00e5r industri\u201d, till\u00e4gger hon.<\/p>\n<p>EU-chefen h\u00e4vdar att europeiska f\u00f6retag nu gynnas mot andra l\u00e4nder som f\u00e5r en bastull ut\u00f6ver existerande tullar, medan EU:s tullar p\u00e5 15 procent \u00e4r \u201dall inclusive\u201d.<\/p>\n<p>Omni \u00e4r politiskt obundna och oberoende. Vi str\u00e4var efter att ge fler perspektiv p\u00e5 nyheterna. Har du fr\u00e5gor eller synpunkter kring v\u00e5r rapportering? <a href=\"https:\/\/omni.se\/eu-chefen-forsvarar-avtalet-starkt-om-an-inte-perfekt\/a\/mailto:redaktion@omni.se\" class=\"ArticleActions_contactLink__W2F1M\" rel=\"nofollow noopener\" target=\"_blank\">Kontakta redaktionen<\/a><\/p>\n","protected":false},"excerpt":{"rendered":"EU-chefen Ursula von der Leyen f\u00f6rsvarar det kritiserade handelsavtalet med Donald Trump. Ryssland och Kina hade jublat \u00e5t&hellip;\n","protected":false},"author":2,"featured_media":12786,"comment_status":"","ping_status":"","sticky":false,"template":"","format":"standard","meta":{"footnotes":""},"categories":[65],"tags":[387,72,385,70,71,73,267,951,1108,268,34,31,33,32,30,77,1109,74],"class_list":{"0":"post-12785","1":"post","2":"type-post","3":"status-publish","4":"format-standard","5":"has-post-thumbnail","7":"category-ekonomi","8":"tag-amerikansk-politik","9":"tag-business","10":"tag-donald-trump","11":"tag-economy","12":"tag-ekonomi","13":"tag-eu","14":"tag-europa","15":"tag-handel-tjanster","16":"tag-internationell-handel","17":"tag-nordamerika","18":"tag-se","19":"tag-svenska","20":"tag-sverige","21":"tag-sweden","22":"tag-swedish","23":"tag-tullkrisen","24":"tag-ursula-von-der-leyen","25":"tag-usa"},"share_on_mastodon":{"url":"","error":""},"_links":{"self":[{"href":"https:\/\/www.europesays.com\/se\/wp-json\/wp\/v2\/posts\/12785","targetHints":{"allow":["GET"]}}],"collection":[{"href":"https:\/\/www.europesays.com\/se\/wp-json\/wp\/v2\/posts"}],"about":[{"href":"https:\/\/www.europesays.com\/se\/wp-json\/wp\/v2\/types\/post"}],"author":[{"embeddable":true,"href":"https:\/\/www.europesays.com\/se\/wp-json\/wp\/v2\/users\/2"}],"replies":[{"embeddable":true,"href":"https:\/\/www.europesays.com\/se\/wp-json\/wp\/v2\/comments?post=12785"}],"version-history":[{"count":0,"href":"https:\/\/www.europesays.com\/se\/wp-json\/wp\/v2\/posts\/12785\/revisions"}],"wp:featuredmedia":[{"embeddable":true,"href":"https:\/\/www.europesays.com\/se\/wp-json\/wp\/v2\/media\/12786"}],"wp:attachment":[{"href":"https:\/\/www.europesays.com\/se\/wp-json\/wp\/v2\/media?parent=12785"}],"wp:term":[{"taxonomy":"category","embeddable":true,"href":"https:\/\/www.europesays.com\/se\/wp-json\/wp\/v2\/categories?post=12785"},{"taxonomy":"post_tag","embeddable":true,"href":"https:\/\/www.europesays.com\/se\/wp-json\/wp\/v2\/tags?post=12785"}],"curies":[{"name":"wp","href":"https:\/\/api.w.org\/{rel}","templated":true}]}}