{"id":127860,"date":"2026-01-07T05:23:07","date_gmt":"2026-01-07T05:23:07","guid":{"rendered":"https:\/\/www.europesays.com\/se\/127860\/"},"modified":"2026-01-07T05:23:07","modified_gmt":"2026-01-07T05:23:07","slug":"svenska-hits-far-nytt-liv-elisa-lindstrom-i-spetsen-for-bert-karlssons-show-skovde-nyheter","status":"publish","type":"post","link":"https:\/\/www.europesays.com\/se\/127860\/","title":{"rendered":"Svenska hits f\u00e5r nytt liv \u2013 Elisa Lindstr\u00f6m i spetsen f\u00f6r Bert Karlssons show \u2013 Sk\u00f6vde Nyheter"},"content":{"rendered":"<p class=\"txt-style-muted\" aria-hidden=\"true\">Vikingarna, Barbados, Carola, Charlotte Perrelli, Herreys, Lasse Stefanz och Lena Philipsson. Det \u00e4r n\u00e5gra av de ikoner som Elisa Lindstr\u00f6m ska tolka hits ifr\u00e5n under sin nya turn\u00e9 i v\u00e5r, som vill vara en k\u00e4rleksf\u00f6rklaring till svensk musikhistoria. Hon sitter i bilen, p\u00e5 v\u00e4gen hem fr\u00e5n ny\u00e5rsfirandet i Norrland, hos n\u00e5gra av hennes mans sl\u00e4ktingar n\u00e4r SN n\u00e5r henne p\u00e5 telefon.<\/p>\n<p class=\"article__figcaption-attribution txt-style-muted\">Bild: Anna-Lena Ahlstr\u00f6m<\/p>\n","protected":false},"excerpt":{"rendered":"Vikingarna, Barbados, Carola, Charlotte Perrelli, Herreys, Lasse Stefanz och Lena Philipsson. Det \u00e4r n\u00e5gra av de ikoner som&hellip;\n","protected":false},"author":2,"featured_media":127861,"comment_status":"","ping_status":"","sticky":false,"template":"","format":"standard","meta":{"footnotes":""},"categories":[67],"tags":[104,34,31,33,32,30,105],"class_list":{"0":"post-127860","1":"post","2":"type-post","3":"status-publish","4":"format-standard","5":"has-post-thumbnail","7":"category-underhallning","8":"tag-entertainment","9":"tag-se","10":"tag-svenska","11":"tag-sverige","12":"tag-sweden","13":"tag-swedish","14":"tag-underhallning"},"share_on_mastodon":{"url":"https:\/\/pubeurope.com\/@se\/115852148940005011","error":""},"_links":{"self":[{"href":"https:\/\/www.europesays.com\/se\/wp-json\/wp\/v2\/posts\/127860","targetHints":{"allow":["GET"]}}],"collection":[{"href":"https:\/\/www.europesays.com\/se\/wp-json\/wp\/v2\/posts"}],"about":[{"href":"https:\/\/www.europesays.com\/se\/wp-json\/wp\/v2\/types\/post"}],"author":[{"embeddable":true,"href":"https:\/\/www.europesays.com\/se\/wp-json\/wp\/v2\/users\/2"}],"replies":[{"embeddable":true,"href":"https:\/\/www.europesays.com\/se\/wp-json\/wp\/v2\/comments?post=127860"}],"version-history":[{"count":0,"href":"https:\/\/www.europesays.com\/se\/wp-json\/wp\/v2\/posts\/127860\/revisions"}],"wp:featuredmedia":[{"embeddable":true,"href":"https:\/\/www.europesays.com\/se\/wp-json\/wp\/v2\/media\/127861"}],"wp:attachment":[{"href":"https:\/\/www.europesays.com\/se\/wp-json\/wp\/v2\/media?parent=127860"}],"wp:term":[{"taxonomy":"category","embeddable":true,"href":"https:\/\/www.europesays.com\/se\/wp-json\/wp\/v2\/categories?post=127860"},{"taxonomy":"post_tag","embeddable":true,"href":"https:\/\/www.europesays.com\/se\/wp-json\/wp\/v2\/tags?post=127860"}],"curies":[{"name":"wp","href":"https:\/\/api.w.org\/{rel}","templated":true}]}}