{"id":127862,"date":"2026-01-07T05:24:07","date_gmt":"2026-01-07T05:24:07","guid":{"rendered":"https:\/\/www.europesays.com\/se\/127862\/"},"modified":"2026-01-07T05:24:07","modified_gmt":"2026-01-07T05:24:07","slug":"navimows-nya-robotoffensiv-fem-nya-robotar","status":"publish","type":"post","link":"https:\/\/www.europesays.com\/se\/127862\/","title":{"rendered":"Navimows nya robotoffensiv \u2013 fem nya robotar"},"content":{"rendered":"<p>Segway Navimow tar ett rej\u00e4lt kliv in i 2026 med en helt ny generation robotgr\u00e4sklippare. <\/p>\n<p>Totalt lanseras fem serier \u2013 X4, i2 AWD, i2 LiDAR, H2 och Terranox \u2013 med ambitionen att passa allt fr\u00e5n sm\u00e5, krokiga villatomter till stora, \u00f6ppna ytor inom professionell drift. <\/p>\n<p>Gemensamt \u00e4r fokus p\u00e5 exakt klippning och minskat behov av handp\u00e5l\u00e4ggning.<\/p>\n<p>X4 f\u00f6r stora och kr\u00e4vande ytor<\/p>\n<p>X4-serien \u00e4r utvecklad f\u00f6r stora gr\u00e4smattor med lutningar och oj\u00e4mnt underlag. Fyrhjulsdrift och avancerad man\u00f6vrering ska ge stabil framfart \u00e4ven d\u00e4r enklare robotar f\u00e5r problem. <\/p>\n<p>Tanken \u00e4r att klipparen ska arbeta metodiskt utan att slita p\u00e5 gr\u00e4set, \u00e4ven i mer utmanande terr\u00e4ng.<\/p>\n","protected":false},"excerpt":{"rendered":"Segway Navimow tar ett rej\u00e4lt kliv in i 2026 med en helt ny generation robotgr\u00e4sklippare. Totalt lanseras fem&hellip;\n","protected":false},"author":2,"featured_media":127863,"comment_status":"","ping_status":"","sticky":false,"template":"","format":"standard","meta":{"footnotes":""},"categories":[66],"tags":[13221,8858,13222,80,78,79,34,31,33,32,30,81,84,83,82],"class_list":{"0":"post-127862","1":"post","2":"type-post","3":"status-publish","4":"format-standard","5":"has-post-thumbnail","7":"category-vetenskap-och-teknik","8":"tag-prylar","9":"tag-robot","10":"tag-robotar","11":"tag-science","12":"tag-science-and-technology","13":"tag-scienceandtechnology","14":"tag-se","15":"tag-svenska","16":"tag-sverige","17":"tag-sweden","18":"tag-swedish","19":"tag-technology","20":"tag-teknik","21":"tag-vetenskap","22":"tag-vetenskapteknik"},"share_on_mastodon":{"url":"https:\/\/pubeurope.com\/@se\/115852152980074809","error":""},"_links":{"self":[{"href":"https:\/\/www.europesays.com\/se\/wp-json\/wp\/v2\/posts\/127862","targetHints":{"allow":["GET"]}}],"collection":[{"href":"https:\/\/www.europesays.com\/se\/wp-json\/wp\/v2\/posts"}],"about":[{"href":"https:\/\/www.europesays.com\/se\/wp-json\/wp\/v2\/types\/post"}],"author":[{"embeddable":true,"href":"https:\/\/www.europesays.com\/se\/wp-json\/wp\/v2\/users\/2"}],"replies":[{"embeddable":true,"href":"https:\/\/www.europesays.com\/se\/wp-json\/wp\/v2\/comments?post=127862"}],"version-history":[{"count":0,"href":"https:\/\/www.europesays.com\/se\/wp-json\/wp\/v2\/posts\/127862\/revisions"}],"wp:featuredmedia":[{"embeddable":true,"href":"https:\/\/www.europesays.com\/se\/wp-json\/wp\/v2\/media\/127863"}],"wp:attachment":[{"href":"https:\/\/www.europesays.com\/se\/wp-json\/wp\/v2\/media?parent=127862"}],"wp:term":[{"taxonomy":"category","embeddable":true,"href":"https:\/\/www.europesays.com\/se\/wp-json\/wp\/v2\/categories?post=127862"},{"taxonomy":"post_tag","embeddable":true,"href":"https:\/\/www.europesays.com\/se\/wp-json\/wp\/v2\/tags?post=127862"}],"curies":[{"name":"wp","href":"https:\/\/api.w.org\/{rel}","templated":true}]}}