{"id":127867,"date":"2026-01-07T05:31:07","date_gmt":"2026-01-07T05:31:07","guid":{"rendered":"https:\/\/www.europesays.com\/se\/127867\/"},"modified":"2026-01-07T05:31:07","modified_gmt":"2026-01-07T05:31:07","slug":"alltid-fixat-har-norra-skane","status":"publish","type":"post","link":"https:\/\/www.europesays.com\/se\/127867\/","title":{"rendered":"\u201dAlltid fixat h\u00e5r\u201d \u2013 Norra Sk\u00e5ne"},"content":{"rendered":"<p>Fr\u00e5n kr\u00f6gare och charkuterist till personlig assistent och dr\u00f6mjobbet: fris\u00f6r. <\/p>\n<p>Bergine Persson har hittat r\u00e4tt i arbetsdjungeln och i livet.<\/p>\n<p>\u2013 Jag k\u00e4nner att jag har landat och trivs otroligt bra med mitt liv nu. <\/p>\n<p>Livet \u00e4r bra. Med stort fokus p\u00e5 sin lilla familj och med v\u00e4nner och andra familjemedlemmar som st\u00f6ttar k\u00e4nns v\u00e4gen lika rak som platt\u00e5ngen hon anv\u00e4nder i jobbet.<\/p>\n<p>Tekniskt fel<\/p>\n<p class=\"message__text txt-ui txt-ui-2\">V\u00e4nligen f\u00f6rs\u00f6k igen senare.<\/p>\n<p>Den h\u00e4r artikeln \u00e4r bara f\u00f6r prenumeranter<\/p>\n<p class=\"txt-body txt-body-1\">Om du redan \u00e4r prenumerant: logga in!<\/p>\n","protected":false},"excerpt":{"rendered":"Fr\u00e5n kr\u00f6gare och charkuterist till personlig assistent och dr\u00f6mjobbet: fris\u00f6r. Bergine Persson har hittat r\u00e4tt i arbetsdjungeln och&hellip;\n","protected":false},"author":2,"featured_media":127868,"comment_status":"","ping_status":"","sticky":false,"template":"","format":"standard","meta":{"footnotes":""},"categories":[67],"tags":[104,34,31,33,32,30,105],"class_list":{"0":"post-127867","1":"post","2":"type-post","3":"status-publish","4":"format-standard","5":"has-post-thumbnail","7":"category-underhallning","8":"tag-entertainment","9":"tag-se","10":"tag-svenska","11":"tag-sverige","12":"tag-sweden","13":"tag-swedish","14":"tag-underhallning"},"share_on_mastodon":{"url":"https:\/\/pubeurope.com\/@se\/115852180380553353","error":""},"_links":{"self":[{"href":"https:\/\/www.europesays.com\/se\/wp-json\/wp\/v2\/posts\/127867","targetHints":{"allow":["GET"]}}],"collection":[{"href":"https:\/\/www.europesays.com\/se\/wp-json\/wp\/v2\/posts"}],"about":[{"href":"https:\/\/www.europesays.com\/se\/wp-json\/wp\/v2\/types\/post"}],"author":[{"embeddable":true,"href":"https:\/\/www.europesays.com\/se\/wp-json\/wp\/v2\/users\/2"}],"replies":[{"embeddable":true,"href":"https:\/\/www.europesays.com\/se\/wp-json\/wp\/v2\/comments?post=127867"}],"version-history":[{"count":0,"href":"https:\/\/www.europesays.com\/se\/wp-json\/wp\/v2\/posts\/127867\/revisions"}],"wp:featuredmedia":[{"embeddable":true,"href":"https:\/\/www.europesays.com\/se\/wp-json\/wp\/v2\/media\/127868"}],"wp:attachment":[{"href":"https:\/\/www.europesays.com\/se\/wp-json\/wp\/v2\/media?parent=127867"}],"wp:term":[{"taxonomy":"category","embeddable":true,"href":"https:\/\/www.europesays.com\/se\/wp-json\/wp\/v2\/categories?post=127867"},{"taxonomy":"post_tag","embeddable":true,"href":"https:\/\/www.europesays.com\/se\/wp-json\/wp\/v2\/tags?post=127867"}],"curies":[{"name":"wp","href":"https:\/\/api.w.org\/{rel}","templated":true}]}}