{"id":127873,"date":"2026-01-07T05:39:10","date_gmt":"2026-01-07T05:39:10","guid":{"rendered":"https:\/\/www.europesays.com\/se\/127873\/"},"modified":"2026-01-07T05:39:10","modified_gmt":"2026-01-07T05:39:10","slug":"regionen-ganska-effektiv-ibland-ostersunds-posten","status":"publish","type":"post","link":"https:\/\/www.europesays.com\/se\/127873\/","title":{"rendered":"Regionen ganska effektiv ibland \u2013 \u00d6stersunds-Posten"},"content":{"rendered":"<p>Eftersom jag har relativt f\u00e4rsk erfarenhet av en liknande operation i september, vill jag ber\u00e4tta att ineffektiviteten inte g\u00e4ller generellt. N\u00e4r jag ringde och \u00e5beropade sjukv\u00e5rdsgarantin (d\u00e5 v\u00e4ntetiden vid \u00d6stersunds sjukhus var elva m\u00e5nader), fick jag av en v\u00e4nlig dam h\u00f6ra att man inom regionen helst ville att b\u00e5da \u00f6gonen opererades samtidigt, n\u00e4r det skulle g\u00f6ras utom l\u00e4net. <\/p>\n<p>Vid sm\u00e5prat med en sjuksk\u00f6terska p\u00e5 kliniken i Ume\u00e5 framkom det att Region JH inte bara kr\u00e4vde att b\u00e5da \u00f6gonen skulle opereras samtidigt utan ocks\u00e5 att tiden f\u00f6r bes\u00f6ket skulle anpassas s\u00e5 att patienten fr\u00e5n \u00d6stersund kunde resa tur och retur samma dag med allm\u00e4nna kommunikationer. <\/p>\n<p>Det fungerade bra f\u00f6r mig med operation inom tre m\u00e5nader och t\u00e5gresa tur och retur samma dag. Regionens ekonomiska problem torde i huvudsak ha andra orsaker \u00e4n just dessa operationer.<\/p>\n<p><strong>\u201dSj\u00e4lven\u201d<\/strong><\/p>\n","protected":false},"excerpt":{"rendered":"Eftersom jag har relativt f\u00e4rsk erfarenhet av en liknande operation i september, vill jag ber\u00e4tta att ineffektiviteten inte&hellip;\n","protected":false},"author":2,"featured_media":127874,"comment_status":"","ping_status":"","sticky":false,"template":"","format":"standard","meta":{"footnotes":""},"categories":[67],"tags":[104,34,31,33,32,30,105],"class_list":{"0":"post-127873","1":"post","2":"type-post","3":"status-publish","4":"format-standard","5":"has-post-thumbnail","7":"category-underhallning","8":"tag-entertainment","9":"tag-se","10":"tag-svenska","11":"tag-sverige","12":"tag-sweden","13":"tag-swedish","14":"tag-underhallning"},"share_on_mastodon":{"url":"https:\/\/pubeurope.com\/@se\/115852211818257724","error":""},"_links":{"self":[{"href":"https:\/\/www.europesays.com\/se\/wp-json\/wp\/v2\/posts\/127873","targetHints":{"allow":["GET"]}}],"collection":[{"href":"https:\/\/www.europesays.com\/se\/wp-json\/wp\/v2\/posts"}],"about":[{"href":"https:\/\/www.europesays.com\/se\/wp-json\/wp\/v2\/types\/post"}],"author":[{"embeddable":true,"href":"https:\/\/www.europesays.com\/se\/wp-json\/wp\/v2\/users\/2"}],"replies":[{"embeddable":true,"href":"https:\/\/www.europesays.com\/se\/wp-json\/wp\/v2\/comments?post=127873"}],"version-history":[{"count":0,"href":"https:\/\/www.europesays.com\/se\/wp-json\/wp\/v2\/posts\/127873\/revisions"}],"wp:featuredmedia":[{"embeddable":true,"href":"https:\/\/www.europesays.com\/se\/wp-json\/wp\/v2\/media\/127874"}],"wp:attachment":[{"href":"https:\/\/www.europesays.com\/se\/wp-json\/wp\/v2\/media?parent=127873"}],"wp:term":[{"taxonomy":"category","embeddable":true,"href":"https:\/\/www.europesays.com\/se\/wp-json\/wp\/v2\/categories?post=127873"},{"taxonomy":"post_tag","embeddable":true,"href":"https:\/\/www.europesays.com\/se\/wp-json\/wp\/v2\/tags?post=127873"}],"curies":[{"name":"wp","href":"https:\/\/api.w.org\/{rel}","templated":true}]}}