{"id":127877,"date":"2026-01-07T05:48:09","date_gmt":"2026-01-07T05:48:09","guid":{"rendered":"https:\/\/www.europesays.com\/se\/127877\/"},"modified":"2026-01-07T05:48:09","modified_gmt":"2026-01-07T05:48:09","slug":"blasta-pa-157-000-kronor","status":"publish","type":"post","link":"https:\/\/www.europesays.com\/se\/127877\/","title":{"rendered":"Bl\u00e5sta p\u00e5 157 000 kronor"},"content":{"rendered":"<p>Publicerad 7 jan 2026 kl 06.27Uppdaterad kl 06.45<\/p>\n<p>Hjullastaren de betalat f\u00f6r d\u00f6k aldrig upp.<\/p>\n<p>H\u00e4r \u00e4r Tareq Taylor och Sofia St\u00e5hls bakslag i dr\u00f6mbygget i Nacka.<\/p>\n<p>\u2013 157 000 \u00e5t helvete i ett l\u00e4ge d\u00e4r budgeten redan \u00e4r spr\u00e4ckt, s\u00e4ger Sofia i en video p\u00e5 Youtube.<\/p>\n<p>Senaste klippen fr\u00e5n Expressen inom n\u00f6je.<img   alt=\"\"\/><\/p>\n<p>Tareq Taylor och Sofia St\u00e5hl har blivit lurade p\u00e5 pengar i dr\u00f6mbygget i Nacka.<\/p>\n<p>Foto: Youtube och Karin T\u00f6rnblom<\/p>\n<p>\u00d6ppna bild i helsk\u00e4rm<img loading=\"lazy\"   alt=\"\"\/><\/p>\n<p>Hjullastaren som Tareq betalat f\u00f6r d\u00f6k aldrig upp och nu \u00e4r \u00e4rendet polisanm\u00e4lt.<\/p>\n<p>\u00d6ppna bild i helsk\u00e4rm<img loading=\"lazy\"   alt=\"\"\/><\/p>\n<p>P\u00e5 HBO Max och Kanal 5 har tittarna f\u00e5tt f\u00f6lja husbygget.<\/p>\n<p>Foto: Warner Bros. \/ Discovery<\/p>\n<p>\u00d6ppna bild i helsk\u00e4rm<\/p>\n<p>Kocken och tv-profilen <a href=\"https:\/\/www.expressen.se\/tagg\/person\/tareq-taylor\/\" class=\"\" rel=\"nofollow noopener\" target=\"_blank\">Tareq Taylor<\/a> och Sofia St\u00e5hl, h\u00e4lsocoach och bloggare, spikar vidare p\u00e5 huset ute i Stockholms sk\u00e4rg\u00e5rd.<\/p>\n<p>Det \u00e4r ett rej\u00e4lt projekt, som tittarna bland annat f\u00e5tt f\u00f6lja i tv-serien \u201dTareqs &amp; Sofias sk\u00e4rg\u00e5rdsdr\u00f6m\u201d p\u00e5 HBO Max och Kanal 5.<\/p>\n<p>Men resan \u00e4r l\u00e5ngt ifr\u00e5n spikrak.<\/p>\n<p>I tidigare videos p\u00e5 parets Youtubekanal ber\u00e4ttar de om balkar i fel m\u00e5tt och tidsplaner som inte h\u00e5ller.<\/p>\n<p>Nu visar det sig att de ocks\u00e5 blivit bl\u00e5sta p\u00e5 en hel massa pengar.<\/p>\n<p>Tareq best\u00e4llde vad han trodde var en hjullastare. Men n\u00e5gon hjullastare d\u00f6k aldrig upp.<\/p>\n<p>\u2013 Det visade sig att personen som \u201ds\u00e5lde\u201d den h\u00e4r hjullastaren inte alls s\u00e5lde n\u00e5gon hjullastare. Utan jag \u00e5kte p\u00e5 en rej\u00e4l j\u00e4vla nit. I god tro s\u00e5 betalade jag f\u00f6r hjullastaren och f\u00f6rv\u00e4ntade mig att det skulle komma en s\u00e5dan, s\u00e4ger Tareq Taylor i en video p\u00e5 Youtube.<\/p>\n<p>\u2013\u00a0Du var ocks\u00e5 s\u00e5 glad \u00f6ver den h\u00e4r dealen och var s\u00e5 besviken \u00f6ver att jag inte var eld och l\u00e5gor \u00f6ver en perfekt deal, svarar Sofia St\u00e5hl och forts\u00e4tter:<\/p>\n<p>\u2013\u00a0S\u00e5 du blev lurad, det \u00e4r polisanm\u00e4lt, pengarna \u00e4r borta. 157 000 \u00e5t helvete i ett l\u00e4ge d\u00e4r vi redan har spr\u00e4ngt och g\u00e5tt \u00f6ver budgeten, d\u00e4r vi redan \u00e4r ekonomisk pressade.<\/p>\n<p>700 000 \u00f6ver budget<\/p>\n<p>Prognosen f\u00f6r bygget nu \u00e4r att budgeten f\u00f6r snickarna kommer ta slut n\u00e5gon g\u00e5ng i oktober och i videon pratar de om att de kan ligga omkring 700 000 kronor \u00f6ver budget.<\/p>\n<p>Men trots bakslagen har de hoppet uppe och tror att de kommer hitta l\u00f6sningar.<\/p>\n<p>\u2013 Vi har inget svar p\u00e5 hur vi ska g\u00f6ra \u00e4n s\u00e5 l\u00e4nge med allt det h\u00e4r men vi kommer hitta l\u00f6sningar. Punkt. Det \u00e4r s\u00e5 vi jobbar, s\u00e4ger Taylor.<\/p>\n<p>\u2013 Ja, vi f\u00e5r f\u00f6rs\u00f6ka hosta, skita, kr\u00e4kas fram nya pengar. Och jobba arslet av oss sj\u00e4lva, s\u00e4ger St\u00e5hl.<\/p>\n","protected":false},"excerpt":{"rendered":"Publicerad 7 jan 2026 kl 06.27Uppdaterad kl 06.45 Hjullastaren de betalat f\u00f6r d\u00f6k aldrig upp. H\u00e4r \u00e4r Tareq&hellip;\n","protected":false},"author":2,"featured_media":127878,"comment_status":"","ping_status":"","sticky":false,"template":"","format":"standard","meta":{"footnotes":""},"categories":[67],"tags":[104,4093,210,13223,1447,34,31,33,32,30,310,4147,646,105],"class_list":{"0":"post-127877","1":"post","2":"type-post","3":"status-publish","4":"format-standard","5":"has-post-thumbnail","7":"category-underhallning","8":"tag-entertainment","9":"tag-location-nacka","10":"tag-organization-hbo-max","11":"tag-person-sofia-pt-fia-stahl","12":"tag-person-tareq-taylor","13":"tag-se","14":"tag-svenska","15":"tag-sverige","16":"tag-sweden","17":"tag-swedish","18":"tag-topic-kandisar","19":"tag-topic-kandishem","20":"tag-topic-tv-serier","21":"tag-underhallning"},"share_on_mastodon":{"url":"https:\/\/pubeurope.com\/@se\/115852247316766079","error":""},"_links":{"self":[{"href":"https:\/\/www.europesays.com\/se\/wp-json\/wp\/v2\/posts\/127877","targetHints":{"allow":["GET"]}}],"collection":[{"href":"https:\/\/www.europesays.com\/se\/wp-json\/wp\/v2\/posts"}],"about":[{"href":"https:\/\/www.europesays.com\/se\/wp-json\/wp\/v2\/types\/post"}],"author":[{"embeddable":true,"href":"https:\/\/www.europesays.com\/se\/wp-json\/wp\/v2\/users\/2"}],"replies":[{"embeddable":true,"href":"https:\/\/www.europesays.com\/se\/wp-json\/wp\/v2\/comments?post=127877"}],"version-history":[{"count":0,"href":"https:\/\/www.europesays.com\/se\/wp-json\/wp\/v2\/posts\/127877\/revisions"}],"wp:featuredmedia":[{"embeddable":true,"href":"https:\/\/www.europesays.com\/se\/wp-json\/wp\/v2\/media\/127878"}],"wp:attachment":[{"href":"https:\/\/www.europesays.com\/se\/wp-json\/wp\/v2\/media?parent=127877"}],"wp:term":[{"taxonomy":"category","embeddable":true,"href":"https:\/\/www.europesays.com\/se\/wp-json\/wp\/v2\/categories?post=127877"},{"taxonomy":"post_tag","embeddable":true,"href":"https:\/\/www.europesays.com\/se\/wp-json\/wp\/v2\/tags?post=127877"}],"curies":[{"name":"wp","href":"https:\/\/api.w.org\/{rel}","templated":true}]}}