{"id":127879,"date":"2026-01-07T05:49:08","date_gmt":"2026-01-07T05:49:08","guid":{"rendered":"https:\/\/www.europesays.com\/se\/127879\/"},"modified":"2026-01-07T05:49:08","modified_gmt":"2026-01-07T05:49:08","slug":"en-anledning-att-kopa-den-sista-nokia-mobilen","status":"publish","type":"post","link":"https:\/\/www.europesays.com\/se\/127879\/","title":{"rendered":"En anledning att k\u00f6pa den sista Nokia-mobilen"},"content":{"rendered":"<p class=\"kicker t20 font-Raleway\" style=\"\">Byta mobilm\u00e4rke<\/p>\n<p>    Det \u00e4r enklare \u00e4n du tror att byta telefon, \u00e4ven om det handlar om byte mellan olika tillverkare eller till och med operativsystem som IOS och Android.<\/p>\n<p>Fr\u00e5ga:\u00a0Jag har sett att ni har kunskap om Nokia. Jag vill k\u00f6pa en Nokia f\u00f6r att ers\u00e4tta min gamla Samsung som sjunger p\u00e5 sista versen. G\u00e5r det att f\u00f6ra \u00f6ver appar och inst\u00e4llningar p\u00e5 ett enkelt s\u00e4tt d\u00e5? Jag har f\u00f6rst\u00e5tt att Nokia inte l\u00e4ngre tillverkas men jag hade hoppats att k\u00f6pa den sista modellen med f\u00f6rhoppningen om att den \u00e4r kompatibel.\u00a0<\/p>\n<p>Erik M\u00f6rner svarar:\u00a0F\u00f6rutsatt att b\u00e5de Samsung-telefonen och Nokia-telefonen \u00e4r Android \u00e4r det mycket enkelt att f\u00e5 \u00f6ver allt inneh\u00e5ll. Nu h\u00f6r inte det hit, men \u00e4ven mellan till exempel Iphone och Android g\u00e5r det relativt enkelt att f\u00f6ra \u00f6ver kontakter, bilder och annat, s\u00e5 det beh\u00f6ver man generellt inte vara orolig f\u00f6r. S\u00e4rskilt om du d\u00e5 anv\u00e4nder e-post i Gmail och anv\u00e4nder andra Google-tj\u00e4nster som \u00e4ven \u00e4r tillg\u00e4ngliga i Iphone.\u00a0<\/p>\n<p>N\u00e4r det g\u00e4ller Nokia-mobiler har de under de senaste \u00e5ren tillverkats p\u00e5 licens av HMD Global d\u00e4r de hyrt r\u00e4tten att anv\u00e4nda Nokias varum\u00e4rke. Det har allts\u00e5 v\u00e4ldigt lite i praktiken att g\u00f6ra med de Nokia-telefoner som gjorde det finska mobilm\u00e4rket stort under 90-talet och tidigt 2000-tal. Ska du v\u00e4lja en ny telefon idag \u00e4r det nog i s\u00e5 fall b\u00e4ttre att v\u00e4lja en fr\u00e5n en annan tillverkare, som precis som din Samsung anv\u00e4nder Android. Det \u00e4r ju b\u00e4ttre att handla av en tillverkare som fortsatt har uppdateringar, support och satsar, skulle jag s\u00e4ga.<\/p>\n<p>Det h\u00e4r \u00e4r ett utdrag ur en l\u00e4ngre\u00a0artikel d\u00e4r\u00a0<a href=\"https:\/\/www.mobil.se\/tips-och-tricks\/sa-laenge-haller-en-mobil-snabbladdningens-effekt-och-mer-mobil-svarar\/1664282\" target=\"_blank\" rel=\"nofollow noopener\">Mobilredaktionen svarat p\u00e5 aktuella l\u00e4sarfr\u00e5gor<\/a>. Artikeln publicerades tidigare i sin helhet exklusivt f\u00f6r Plus-medlemmar p\u00e5 Mobil.se.\u00a0<a href=\"https:\/\/www.mobil.se\/plus\" rel=\"nofollow noopener\" target=\"_blank\">H\u00e4r kan du bli Plus-medlem<\/a>\u00a0och d\u00e4rmed f\u00e5 direkt tillg\u00e5ng till alla artiklar p\u00e5 Mobil.se. Som plusmedlem s\u00e5 f\u00e5r du samlade tips och m\u00e5nga andra f\u00f6rdjupande, v\u00e4gledande artiklar.<\/p>\n","protected":false},"excerpt":{"rendered":"Byta mobilm\u00e4rke Det \u00e4r enklare \u00e4n du tror att byta telefon, \u00e4ven om det handlar om byte mellan&hellip;\n","protected":false},"author":2,"featured_media":127880,"comment_status":"","ping_status":"","sticky":false,"template":"","format":"standard","meta":{"footnotes":""},"categories":[66],"tags":[80,78,79,34,31,33,32,30,81,84,83,82],"class_list":{"0":"post-127879","1":"post","2":"type-post","3":"status-publish","4":"format-standard","5":"has-post-thumbnail","7":"category-vetenskap-och-teknik","8":"tag-science","9":"tag-science-and-technology","10":"tag-scienceandtechnology","11":"tag-se","12":"tag-svenska","13":"tag-sverige","14":"tag-sweden","15":"tag-swedish","16":"tag-technology","17":"tag-teknik","18":"tag-vetenskap","19":"tag-vetenskapteknik"},"share_on_mastodon":{"url":"https:\/\/pubeurope.com\/@se\/115852251135977308","error":""},"_links":{"self":[{"href":"https:\/\/www.europesays.com\/se\/wp-json\/wp\/v2\/posts\/127879","targetHints":{"allow":["GET"]}}],"collection":[{"href":"https:\/\/www.europesays.com\/se\/wp-json\/wp\/v2\/posts"}],"about":[{"href":"https:\/\/www.europesays.com\/se\/wp-json\/wp\/v2\/types\/post"}],"author":[{"embeddable":true,"href":"https:\/\/www.europesays.com\/se\/wp-json\/wp\/v2\/users\/2"}],"replies":[{"embeddable":true,"href":"https:\/\/www.europesays.com\/se\/wp-json\/wp\/v2\/comments?post=127879"}],"version-history":[{"count":0,"href":"https:\/\/www.europesays.com\/se\/wp-json\/wp\/v2\/posts\/127879\/revisions"}],"wp:featuredmedia":[{"embeddable":true,"href":"https:\/\/www.europesays.com\/se\/wp-json\/wp\/v2\/media\/127880"}],"wp:attachment":[{"href":"https:\/\/www.europesays.com\/se\/wp-json\/wp\/v2\/media?parent=127879"}],"wp:term":[{"taxonomy":"category","embeddable":true,"href":"https:\/\/www.europesays.com\/se\/wp-json\/wp\/v2\/categories?post=127879"},{"taxonomy":"post_tag","embeddable":true,"href":"https:\/\/www.europesays.com\/se\/wp-json\/wp\/v2\/tags?post=127879"}],"curies":[{"name":"wp","href":"https:\/\/api.w.org\/{rel}","templated":true}]}}