{"id":127896,"date":"2026-01-07T06:09:13","date_gmt":"2026-01-07T06:09:13","guid":{"rendered":"https:\/\/www.europesays.com\/se\/127896\/"},"modified":"2026-01-07T06:09:13","modified_gmt":"2026-01-07T06:09:13","slug":"nytt-snoovader-pa-vag-orange-varning-i-goteborg","status":"publish","type":"post","link":"https:\/\/www.europesays.com\/se\/127896\/","title":{"rendered":"Nytt sn\u00f6ov\u00e4der p\u00e5 v\u00e4g \u2013 orange varning i G\u00f6teborg"},"content":{"rendered":"<p>Av Anders Hovne<br \/>Publicerad 7 januari, 05:55. Uppdaterad 7 januari, 06:27<\/p>\n<p>P\u00e5 onsdagen v\u00e4ntas mer sn\u00f6 dra in \u00f6ver s\u00f6dra och mellersta Sverige, skriver TT. V\u00e4dret v\u00e4ntas p\u00e5 nytt st\u00e4lla till det i trafiken, \u00e4ven om p\u00e5verkan inte v\u00e4ntas bli lika stor som under stormarna Johannes och Anna. <\/p>\n<p>Under morgonen utf\u00e4rdade SMHI en orange varning \u00f6ver G\u00f6teborg och delar av v\u00e4stkusten, med risk f\u00f6r kraftiga sn\u00f6byar. M\u00e4nniskor uppmanas att inte ge sig ut i trafiken i on\u00f6dan.<\/p>\n<p>\u2013 Det \u00e4r upp till tv\u00e5 decimeter som har kommit i natt. Och det ska komma lika mycket till, s\u00e4ger Kjell Lund, meteorolog vid SMHI, till GP.<\/p>\n<p>Aftonbladet skriver att det inte \u00e4r uteslutet med ett s\u00e5 kallat nationellt isdygn i helgen. Det inneb\u00e4r att temperaturen ligger under noll i hela landet under 24 timmar.<\/p>\n<p>Omni \u00e4r politiskt obundna och oberoende. Vi str\u00e4var efter att ge fler perspektiv p\u00e5 nyheterna. Har du fr\u00e5gor eller synpunkter kring v\u00e5r rapportering? <a href=\"https:\/\/omni.se\/nytt-snoovader-pa-vag-orange-varning-i-goteborg\/a\/mailto:redaktion@omni.se\" class=\"ArticleActions_contactLink__W2F1M\" rel=\"nofollow noopener\" target=\"_blank\">Kontakta redaktionen<\/a><\/p>\n","protected":false},"excerpt":{"rendered":"Av Anders HovnePublicerad 7 januari, 05:55. Uppdaterad 7 januari, 06:27 P\u00e5 onsdagen v\u00e4ntas mer sn\u00f6 dra in \u00f6ver&hellip;\n","protected":false},"author":2,"featured_media":127897,"comment_status":"","ping_status":"","sticky":false,"template":"","format":"standard","meta":{"footnotes":""},"categories":[5],"tags":[22,23,26,27,17,21,24,25,28,29,15,16,18,34,842,31,33,32,30,19,20,693],"class_list":{"0":"post-127896","1":"post","2":"type-post","3":"status-publish","4":"format-standard","5":"has-post-thumbnail","7":"category-rubriker","8":"tag-breaking-news","9":"tag-breakingnews","10":"tag-featured-news","11":"tag-featurednews","12":"tag-headlines","13":"tag-huvudnyheter","14":"tag-latest-news","15":"tag-latestnews","16":"tag-main-news","17":"tag-mainnews","18":"tag-news","19":"tag-nyheter","20":"tag-rubriker","21":"tag-se","22":"tag-smhi","23":"tag-svenska","24":"tag-sverige","25":"tag-sweden","26":"tag-swedish","27":"tag-top-stories","28":"tag-topstories","29":"tag-vader"},"share_on_mastodon":{"url":"https:\/\/pubeurope.com\/@se\/115852329813668890","error":""},"_links":{"self":[{"href":"https:\/\/www.europesays.com\/se\/wp-json\/wp\/v2\/posts\/127896","targetHints":{"allow":["GET"]}}],"collection":[{"href":"https:\/\/www.europesays.com\/se\/wp-json\/wp\/v2\/posts"}],"about":[{"href":"https:\/\/www.europesays.com\/se\/wp-json\/wp\/v2\/types\/post"}],"author":[{"embeddable":true,"href":"https:\/\/www.europesays.com\/se\/wp-json\/wp\/v2\/users\/2"}],"replies":[{"embeddable":true,"href":"https:\/\/www.europesays.com\/se\/wp-json\/wp\/v2\/comments?post=127896"}],"version-history":[{"count":0,"href":"https:\/\/www.europesays.com\/se\/wp-json\/wp\/v2\/posts\/127896\/revisions"}],"wp:featuredmedia":[{"embeddable":true,"href":"https:\/\/www.europesays.com\/se\/wp-json\/wp\/v2\/media\/127897"}],"wp:attachment":[{"href":"https:\/\/www.europesays.com\/se\/wp-json\/wp\/v2\/media?parent=127896"}],"wp:term":[{"taxonomy":"category","embeddable":true,"href":"https:\/\/www.europesays.com\/se\/wp-json\/wp\/v2\/categories?post=127896"},{"taxonomy":"post_tag","embeddable":true,"href":"https:\/\/www.europesays.com\/se\/wp-json\/wp\/v2\/tags?post=127896"}],"curies":[{"name":"wp","href":"https:\/\/api.w.org\/{rel}","templated":true}]}}