{"id":127907,"date":"2026-01-07T06:20:07","date_gmt":"2026-01-07T06:20:07","guid":{"rendered":"https:\/\/www.europesays.com\/se\/127907\/"},"modified":"2026-01-07T06:20:07","modified_gmt":"2026-01-07T06:20:07","slug":"om-snon-hanger-kvar-kommer-vi-med-skidskytteutmaningen","status":"publish","type":"post","link":"https:\/\/www.europesays.com\/se\/127907\/","title":{"rendered":"Om sn\u00f6n h\u00e4nger kvar\u2013 kommer vi med skidskytteutmaningen!"},"content":{"rendered":"<p class=\"normal\">Turn\u00e9n kommer g\u00e5 till n\u00e5gra av Sveriges mest popul\u00e4ra skidsp\u00e5r. Hela v\u00e4gen fr\u00e5n fj\u00e4llens cross country-arenor till storst\u00e4dernas ivrigt bes\u00f6kta konstsn\u00f6sp\u00e5r.<\/p>\n<p class=\"normal\">Ut\u00f6ver att skjuta och \u00e5ka skidor bjuder vi p\u00e5 kaffe och givetvis snacka hur mycket skidskytte man vill med oss!<\/p>\n<p class=\"normal\"><strong>N\u00e5gra av turn\u00e9ns stopp blir:<br \/><\/strong>V 2 S\u00f6ndag 11 januari i Ulricehamn<br \/>V 3 S\u00f6ndag 18 januari i \u00c5nnaboda.<br \/>V 4 \u00c5gesta l\u00f6rdag eller s\u00f6ndag, dag best\u00e4ms inom kort<br \/>V 5 Ume\u00e5 l\u00f6rdag eller s\u00f6ndag, dag best\u00e4ms inom kort<\/p>\n<p class=\"normal\">H\u00e5ll koll i v\u00e5ra sociala medier d\u00e5 sn\u00f6l\u00e4get, datum och fler orter kan komma att \u00e4ndras!<\/p>\n<p class=\"normal\">V\u00e4lkomna!<\/p>\n","protected":false},"excerpt":{"rendered":"Turn\u00e9n kommer g\u00e5 till n\u00e5gra av Sveriges mest popul\u00e4ra skidsp\u00e5r. Hela v\u00e4gen fr\u00e5n fj\u00e4llens cross country-arenor till storst\u00e4dernas&hellip;\n","protected":false},"author":2,"featured_media":127908,"comment_status":"","ping_status":"","sticky":false,"template":"","format":"standard","meta":{"footnotes":""},"categories":[67],"tags":[104,34,31,33,32,30,105],"class_list":{"0":"post-127907","1":"post","2":"type-post","3":"status-publish","4":"format-standard","5":"has-post-thumbnail","7":"category-underhallning","8":"tag-entertainment","9":"tag-se","10":"tag-svenska","11":"tag-sverige","12":"tag-sweden","13":"tag-swedish","14":"tag-underhallning"},"share_on_mastodon":{"url":"https:\/\/pubeurope.com\/@se\/115852373076510896","error":""},"_links":{"self":[{"href":"https:\/\/www.europesays.com\/se\/wp-json\/wp\/v2\/posts\/127907","targetHints":{"allow":["GET"]}}],"collection":[{"href":"https:\/\/www.europesays.com\/se\/wp-json\/wp\/v2\/posts"}],"about":[{"href":"https:\/\/www.europesays.com\/se\/wp-json\/wp\/v2\/types\/post"}],"author":[{"embeddable":true,"href":"https:\/\/www.europesays.com\/se\/wp-json\/wp\/v2\/users\/2"}],"replies":[{"embeddable":true,"href":"https:\/\/www.europesays.com\/se\/wp-json\/wp\/v2\/comments?post=127907"}],"version-history":[{"count":0,"href":"https:\/\/www.europesays.com\/se\/wp-json\/wp\/v2\/posts\/127907\/revisions"}],"wp:featuredmedia":[{"embeddable":true,"href":"https:\/\/www.europesays.com\/se\/wp-json\/wp\/v2\/media\/127908"}],"wp:attachment":[{"href":"https:\/\/www.europesays.com\/se\/wp-json\/wp\/v2\/media?parent=127907"}],"wp:term":[{"taxonomy":"category","embeddable":true,"href":"https:\/\/www.europesays.com\/se\/wp-json\/wp\/v2\/categories?post=127907"},{"taxonomy":"post_tag","embeddable":true,"href":"https:\/\/www.europesays.com\/se\/wp-json\/wp\/v2\/tags?post=127907"}],"curies":[{"name":"wp","href":"https:\/\/api.w.org\/{rel}","templated":true}]}}