{"id":127915,"date":"2026-01-07T06:27:07","date_gmt":"2026-01-07T06:27:07","guid":{"rendered":"https:\/\/www.europesays.com\/se\/127915\/"},"modified":"2026-01-07T06:27:07","modified_gmt":"2026-01-07T06:27:07","slug":"marcus-hellners-nya-liv-som-pilot-far-inte-ihop-det","status":"publish","type":"post","link":"https:\/\/www.europesays.com\/se\/127915\/","title":{"rendered":"Marcus Hellners nya liv \u2013 som pilot: \u201dF\u00e5r inte ihop det\u201d"},"content":{"rendered":"<p>Publicerad 7 jan 2026 kl 07.08Uppdaterad kl 07.14<\/p>\n<p>Marcus Hellner har blivit van vid reaktionerna.<\/p>\n<p>Vad i all v\u00e4rlden g\u00f6r en skidhj\u00e4lte bakom just de h\u00e4r spakarna?<\/p>\n<p>\u2013 De f\u00e5r liksom inte ihop det, s\u00e4ger 40-\u00e5ringen och skrattar.<\/p>\n<p><img loading=\"lazy\"   alt=\"\"\/><\/p>\n<p>Marcus Hellner.<\/p>\n<p>Foto: MAXIM THORE \/ BILDBYR\u00c5N<\/p>\n<p>\u00d6ppna bild i helsk\u00e4rm<img loading=\"lazy\"   alt=\"\"\/><\/p>\n<p>\u201dJag trivs v\u00e4ldigt bra.\u201d<\/p>\n<p>Foto: Instagram<\/p>\n<p>\u00d6ppna bild i helsk\u00e4rmArtikeln i korthet<\/p>\n<p>\u2022 Marcus Hellner nobbades av fyra skidgymnasier \u2013 men fick sista platsen i G\u00e4llivare.<\/p>\n<p>\u2022 25 \u00e5r, tre OS-guld och ett VM-guld senare har han rotat sig i norr med familj.<\/p>\n<p>\u2022 Efter skidkarri\u00e4ren satsar han p\u00e5 kl\u00e4der och jobbar som helikopterpilot i fj\u00e4llen.<\/p>\n<p>\u2022 M\u00e5nga kunder blir \u00f6verraskade n\u00e4r de ser vem som flyger helikoptern.<\/p>\n<p>Visa mer<\/p>\n<p>H\u00f6rt talas om \u201dsliding doors\u201d?<\/p>\n<p>Ni vet, det d\u00e4r \u00f6gonblicket n\u00e4r n\u00e5got n\u00e4rmast slumpm\u00e4ssigt h\u00e4nder som f\u00f6r\u00e4ndrar hela ens framtid.<\/p>\n<p><a href=\"https:\/\/www.expressen.se\/tagg\/person\/marcus-hellner\/\" class=\"\" rel=\"nofollow noopener\" target=\"_blank\">Marcus Hellner<\/a> var bara 15 \u00e5r n\u00e4r skjutd\u00f6rren \u00f6ppnades.\u00a0<\/p>\n<p>Under uppv\u00e4xten i Lerdala utanf\u00f6r Sk\u00f6vde hade han tidigt fastnat f\u00f6r l\u00e4ngd\u00e5kning, visat allt mer gryende talang \u2013 men utan att f\u00f6r den skull direkt gl\u00e4nsa. Men Marcus Hellner ville ge skidorna en rej\u00e4l chans.<\/p>\n<p>Han s\u00f6kte in p\u00e5 landets alla fem skidgymnasier. Det kom ett \u201dnej\u201d fr\u00e5n Mora. Fr\u00e5n Torsby. Fr\u00e5n Sollefte\u00e5. Och fr\u00e5n J\u00e4rpen.\u00a0<\/p>\n<p>Bara G\u00e4llivare \u00e5terstod.<\/p>\n<p>\u2013 Och Marcus fick till slut den sista platsen, har Lars-Gunnar Pettersson, ansvarig vid G\u00e4llivare skidgymnasium, tidigare <a href=\"https:\/\/www.expressen.se\/sport\/langdskidor\/marcus-hellner-domdes-ut-av-fyra-skidgymnasium\/\" rel=\"nofollow noopener\" target=\"_blank\">ber\u00e4ttat f\u00f6r Expressen<\/a>.<\/p>\n<p>S\u00e5 15-\u00e5rige Marcus Hellner packade ihop sina grejer p\u00e5 pojkrummet i Lerdala och flyttade 133 mil norrut.<\/p>\n<p>Kvar i norr \u2013 efter 25 \u00e5r<\/p>\n<p>Det ov\u00e4ntade?<\/p>\n<p>Tre OS-guld, ett VM-guld och 25 \u00e5r senare \u00e4r han fortfarande kvar i G\u00e4llivare.<\/p>\n<p>\u2013 Mmm, det rullar p\u00e5. Det \u00e4r ett ganska lugnt liv h\u00e4r, s\u00e4ger Marcus Hellner.<\/p>\n<p>Han har precis varit ute och testat sp\u00e5ren p\u00e5 den skidstadion som b\u00e4r hans eget namn en bit upp p\u00e5 Dundrets sluttning.<\/p>\n<p>Det \u00e4r lunchtid, men runtomkring oss b\u00f6rjar dagsljuset s\u00e5 sakteliga redan f\u00f6rsvinna.<\/p>\n<p>\u2013 N\u00e4r jag h\u00f6ll p\u00e5 och t\u00e4vlade s\u00e5 var det ju ganska kort tid man var h\u00e4r under vintern. Men nu p\u00e5 \u00e4ldre dagar kan jag nog k\u00e4nna att det \u00e4nd\u00e5 \u00e4r ganska m\u00f6rkt och kallt h\u00e4r ibland.<\/p>\n<p>Marcus Hellner forts\u00e4tter med ett litet leende:<\/p>\n<p>\u2013 Speciellt i januari. D\u00e5 kan man faktiskt bli lite sugen p\u00e5 att vara n\u00e5gon annanstans.<\/p>\n<p><strong>Men du \u00e4r rej\u00e4lt rotad h\u00e4r nu?<\/strong><\/p>\n<p>\u2013 Ja, man \u00e4r ju det. Barnen har det bra och trivs h\u00e4r \u2013 och jag tycker ju om G\u00e4llvare, s\u00e4ger Marcus Hellner som har tv\u00e5 d\u00f6ttrar tillsammans med sin fru Anna.<\/p>\n<p><img loading=\"lazy\"   alt=\"\"\/><\/p>\n<p>OLYMPISK M\u00c4STARE. Marcus Hellner efter guldet p\u00e5 tremilen i OS 2010.<\/p>\n<p>Foto: DMITRY LOVETSKY \/ AP<\/p>\n<p>\u00d6ppna bild i helsk\u00e4rmHellners ov\u00e4ntade yrkesval<\/p>\n<p>I v\u00e5r blir det \u00e5tta \u00e5r sedan Hellner meddelade att han avslutar sin elitkarri\u00e4r. Vad han pysslat med sedan dess?<\/p>\n<p>Det korta svaret: kl\u00e4der och helikoptrar.<\/p>\n<p>Annons<\/p>\n<p>\u2013 Det \u00e4r v\u00e4l de tv\u00e5 benen, som Marcus Hellner sj\u00e4lv s\u00e4ger.<\/p>\n<p>40-\u00e5ringen har sedan flera \u00e5r tillbaka sin egen kollektion av tr\u00e4nings- och friluftskl\u00e4der p\u00e5 m\u00e4rket Outnorth.\u00a0<\/p>\n<p>Och redan \u00e5ret efter Hellner avslutat skidkarri\u00e4ren b\u00f6rjade han utbilda sig till helikopterpilot. I dag jobbar han \u00e5t f\u00f6retaget Fiskflyg i Norrbottensfj\u00e4llen.<\/p>\n<p>\u2013 Det blir mer och mer som jag flyger. Framf\u00f6rallt under sommaren och h\u00f6sten, ber\u00e4ttar Marcus Hellner.<\/p>\n<p><strong>S\u00e5 vad handlar det om \u2013 en halvtidstj\u00e4nst?<\/strong><\/p>\n<p>\u2013 Det skulle man nog kunna s\u00e4ga. Jag har inte r\u00e4knat ihop det sj\u00e4lv.\u00a0<\/p>\n<p>Fiskflyg har sitt huvudkontor i Porjus, men \u00e4ven mindre baser i Stora Sj\u00f6fallet, Kvikkjokk, Tj\u00e4rnberg och Ritsem.<\/p>\n<p>Det \u00e4r p\u00e5 den sistn\u00e4mnda orten som Marcus Hellner oftast \u00e4r stationerad och flyger ut kunder i Sveriges st\u00f6rsta vildmarker \u2013 som Sarek.<\/p>\n<p>\u2013 Vi har alla m\u00f6jliga sorters kunder. Allt fr\u00e5n vandrare till fiskare, j\u00e4gare, samebyar, personal fr\u00e5n l\u00e4nsstyrelsen och allt m\u00f6jligt, s\u00e4ger Marcus Hellner.<\/p>\n<p><strong>Det l\u00e5ter r\u00e4tt kul?<\/strong><\/p>\n<p>\u2013 Ja, jag trivs v\u00e4ldigt bra. Det \u00e4r v\u00e4ldigt varierande, mycket att l\u00e4ra sig hela tiden \u2013 och s\u00e5 tr\u00e4ffar man ju alla m\u00f6jliga m\u00e4nniskor.<\/p>\n<p><strong>P\u00e5 tal om det \u2013 det m\u00e5ste vara m\u00e5nga som studsar till n\u00e4r de hoppar in i din helikopter och ser vem som sitter bakom spakarna?<\/strong><\/p>\n<p>\u2013 Det h\u00e4nder absolut (skratt).\u00a0<\/p>\n<p><strong>Ber\u00e4tta g\u00e4rna mer.<\/strong><\/p>\n<p>\u2013 N\u00e4men, de blir lite paffa. Det \u00e4r som att de inte kopplar vad jag g\u00f6r d\u00e4r. De f\u00e5r liksom inte ihop det.<\/p>\n<p><a href=\"https:\/\/www.instagram.com\/p\/ChF5noPLzd2\/\" data-provider=\"instagram\" class=\"js-social-embed\" rel=\"nofollow noopener\" target=\"_blank\">https:\/\/www.instagram.com\/p\/ChF5noPLzd2\/<\/a><script async src=\"\/\/www.instagram.com\/embed.js\"><\/script><\/p>\n","protected":false},"excerpt":{"rendered":"Publicerad 7 jan 2026 kl 07.08Uppdaterad kl 07.14 Marcus Hellner har blivit van vid reaktionerna. Vad i all&hellip;\n","protected":false},"author":2,"featured_media":127916,"comment_status":"","ping_status":"","sticky":false,"template":"","format":"standard","meta":{"footnotes":""},"categories":[68],"tags":[13224,34,857,111,110,31,33,32,30],"class_list":{"0":"post-127915","1":"post","2":"type-post","3":"status-publish","4":"format-standard","5":"has-post-thumbnail","7":"category-sport","8":"tag-person-marcus-hellner","9":"tag-se","10":"tag-sections-langdskidor","11":"tag-sport","12":"tag-sports","13":"tag-svenska","14":"tag-sverige","15":"tag-sweden","16":"tag-swedish"},"share_on_mastodon":{"url":"https:\/\/pubeurope.com\/@se\/115852400583599346","error":""},"_links":{"self":[{"href":"https:\/\/www.europesays.com\/se\/wp-json\/wp\/v2\/posts\/127915","targetHints":{"allow":["GET"]}}],"collection":[{"href":"https:\/\/www.europesays.com\/se\/wp-json\/wp\/v2\/posts"}],"about":[{"href":"https:\/\/www.europesays.com\/se\/wp-json\/wp\/v2\/types\/post"}],"author":[{"embeddable":true,"href":"https:\/\/www.europesays.com\/se\/wp-json\/wp\/v2\/users\/2"}],"replies":[{"embeddable":true,"href":"https:\/\/www.europesays.com\/se\/wp-json\/wp\/v2\/comments?post=127915"}],"version-history":[{"count":0,"href":"https:\/\/www.europesays.com\/se\/wp-json\/wp\/v2\/posts\/127915\/revisions"}],"wp:featuredmedia":[{"embeddable":true,"href":"https:\/\/www.europesays.com\/se\/wp-json\/wp\/v2\/media\/127916"}],"wp:attachment":[{"href":"https:\/\/www.europesays.com\/se\/wp-json\/wp\/v2\/media?parent=127915"}],"wp:term":[{"taxonomy":"category","embeddable":true,"href":"https:\/\/www.europesays.com\/se\/wp-json\/wp\/v2\/categories?post=127915"},{"taxonomy":"post_tag","embeddable":true,"href":"https:\/\/www.europesays.com\/se\/wp-json\/wp\/v2\/tags?post=127915"}],"curies":[{"name":"wp","href":"https:\/\/api.w.org\/{rel}","templated":true}]}}