{"id":127934,"date":"2026-01-07T06:52:06","date_gmt":"2026-01-07T06:52:06","guid":{"rendered":"https:\/\/www.europesays.com\/se\/127934\/"},"modified":"2026-01-07T06:52:06","modified_gmt":"2026-01-07T06:52:06","slug":"doechii-sza-girl-get-up","status":"publish","type":"post","link":"https:\/\/www.europesays.com\/se\/127934\/","title":{"rendered":"Doechii + SZA &#8211; Girl, get up."},"content":{"rendered":"<p>Girl, get up. \u00e4r ett m\u00f6te mellan tv\u00e5 r\u00f6ster som r\u00f6r sig med sj\u00e4lvklar auktoritet genom samtida r\u2019n\u2019b och rap. <strong>Doechii <\/strong>st\u00e5r f\u00f6r nerven och rastl\u00f6sheten, med ett flow som hela tiden k\u00e4nns p\u00e5 v\u00e4g att explodera, medan<strong>SZA<\/strong> kliver in som den mer reflekterande motpolen. Tillsammans skapar de en l\u00e5t som pendlar mellan sj\u00e4lvpepp och s\u00e5rbarhet. Utan att n\u00e5gonsin tappa fokus.<\/p>\n<p><a href=\"https:\/\/www.patreon.com\/popmuzik\" rel=\"nofollow noopener\" target=\"_blank\"><img decoding=\"async\" src=\"https:\/\/www.europesays.com\/se\/wp-content\/uploads\/2025\/12\/1766926498_273_Folj-Patreon.png\" alt=\"F\u00f6lj p\u00e5 Patreon\" class=\"lazyload\" style=\"--smush-placeholder-width: 1900px; --smush-placeholder-aspect-ratio: 1900\/1100;\"\/><\/a><\/p>\n<p>Produktionen \u00e4r sparsmakad men exakt, byggd kring ett studsande beat som ger Doechii utrymme att leka och pressa sig fram, samtidigt som SZA sv\u00e4var ovanp\u00e5 med sin karakt\u00e4ristiska, lite skeva melodik\u00e4nsla. Det \u00e4r musik som l\u00e5ter modern utan att k\u00e4nnas stressad.<\/p>\n<p>Girl, get up fungerar b\u00e4st som ett manifest snarare \u00e4n en klassisk hitl\u00e5t. Det \u00e4r inte refr\u00e4ngen som fastnar f\u00f6rst, utan k\u00e4nslan av att lyssna p\u00e5 tv\u00e5 artister som vet exakt vilka de \u00e4r och varf\u00f6r de tar plats. Resultatet \u00e4r en l\u00e5t som v\u00e4xer med varje lyssning och som bekr\u00e4ftar b\u00e5de Doechiis kompromissl\u00f6sa energi och SZAs f\u00f6rm\u00e5ga att ge tyngd \u00e5t \u00e4ven de mest avskalade \u00f6gonblicken.<\/p>\n","protected":false},"excerpt":{"rendered":"Girl, get up. \u00e4r ett m\u00f6te mellan tv\u00e5 r\u00f6ster som r\u00f6r sig med sj\u00e4lvklar auktoritet genom samtida r\u2019n\u2019b&hellip;\n","protected":false},"author":2,"featured_media":127935,"comment_status":"","ping_status":"","sticky":false,"template":"","format":"standard","meta":{"footnotes":""},"categories":[67],"tags":[104,34,31,33,32,30,105],"class_list":{"0":"post-127934","1":"post","2":"type-post","3":"status-publish","4":"format-standard","5":"has-post-thumbnail","7":"category-underhallning","8":"tag-entertainment","9":"tag-se","10":"tag-svenska","11":"tag-sverige","12":"tag-sweden","13":"tag-swedish","14":"tag-underhallning"},"share_on_mastodon":{"url":"https:\/\/pubeurope.com\/@se\/115852498872948689","error":""},"_links":{"self":[{"href":"https:\/\/www.europesays.com\/se\/wp-json\/wp\/v2\/posts\/127934","targetHints":{"allow":["GET"]}}],"collection":[{"href":"https:\/\/www.europesays.com\/se\/wp-json\/wp\/v2\/posts"}],"about":[{"href":"https:\/\/www.europesays.com\/se\/wp-json\/wp\/v2\/types\/post"}],"author":[{"embeddable":true,"href":"https:\/\/www.europesays.com\/se\/wp-json\/wp\/v2\/users\/2"}],"replies":[{"embeddable":true,"href":"https:\/\/www.europesays.com\/se\/wp-json\/wp\/v2\/comments?post=127934"}],"version-history":[{"count":0,"href":"https:\/\/www.europesays.com\/se\/wp-json\/wp\/v2\/posts\/127934\/revisions"}],"wp:featuredmedia":[{"embeddable":true,"href":"https:\/\/www.europesays.com\/se\/wp-json\/wp\/v2\/media\/127935"}],"wp:attachment":[{"href":"https:\/\/www.europesays.com\/se\/wp-json\/wp\/v2\/media?parent=127934"}],"wp:term":[{"taxonomy":"category","embeddable":true,"href":"https:\/\/www.europesays.com\/se\/wp-json\/wp\/v2\/categories?post=127934"},{"taxonomy":"post_tag","embeddable":true,"href":"https:\/\/www.europesays.com\/se\/wp-json\/wp\/v2\/tags?post=127934"}],"curies":[{"name":"wp","href":"https:\/\/api.w.org\/{rel}","templated":true}]}}