{"id":127942,"date":"2026-01-07T07:01:07","date_gmt":"2026-01-07T07:01:07","guid":{"rendered":"https:\/\/www.europesays.com\/se\/127942\/"},"modified":"2026-01-07T07:01:07","modified_gmt":"2026-01-07T07:01:07","slug":"gront-ljus-for-kitrons-forvarv-av-deltanordic","status":"publish","type":"post","link":"https:\/\/www.europesays.com\/se\/127942\/","title":{"rendered":"Gr\u00f6nt ljus f\u00f6r Kitrons f\u00f6rv\u00e4rv av DeltaNordic"},"content":{"rendered":"<p>Godk\u00e4nnandena har l\u00e4mnats av Konkurrensverket samt Inspektionen f\u00f6r strategiska produkter. F\u00f6rv\u00e4rvet v\u00e4ntas nu kunna slutf\u00f6ras i b\u00f6rjan av januari 2026.<\/p>\n<p>Det var under november i fjol som Kitron meddelade att man ing\u00e5tt avtal om att f\u00f6rv\u00e4rva samtliga aktier i DeltaNordic fr\u00e5n Mind Industrial Group AB och JSLS Holding AB. Aff\u00e4ren v\u00e4rderas till 1,255 miljarder kronor p\u00e5 skuldfri och kassa\u00adfri basis.<\/p>\n<p>DeltaNordic har tv\u00e5 produktionsanl\u00e4ggningar i Sverige samt en anl\u00e4ggning i Nanjing i Kina. Enligt tidigare uppgifter v\u00e4ntas DeltaNordics int\u00e4kter uppg\u00e5 till cirka 815 miljoner kronor under 2026, med omkring h\u00e4lften av f\u00f6rs\u00e4ljningen kopplad till f\u00f6rsvarskunder.<\/p>\n<p>Kitron har tidigare uppgett att f\u00f6rv\u00e4rvet st\u00e4rker koncernens position inom segmentet Defence &amp; Aerospace och breddar n\u00e4rvaron i Sverige. Bolaget har \u00e4ven framh\u00e5llit att kund\u00f6verlappningen mellan Kitron och DeltaNordic \u00e4r begr\u00e4nsad.<\/p>\n<p>Utforska de senaste trenderna och utvecklingen inom elektronikindustrin, och m\u00f6t oss under v\u00e5ra kommande <a href=\"https:\/\/evertiq.se\/expo\" class=\"bblc\" rel=\"nofollow noopener\" target=\"_blank\">Evertiq Expo.<\/a> N\u00e4sta Expo g\u00e5r av stapeln den 26:e mars, 2026 i <a href=\"https:\/\/evertiq.com\/expo\/tmp2026_about\" class=\"bblc\" rel=\"nofollow noopener\" target=\"_blank\">Tammerfors, Finland.<\/a><\/p>\n<p>Prenumerera p\u00e5 v\u00e5rt <a href=\"https:\/\/evertiq.se\/news-register\" class=\"bblc\" rel=\"nofollow noopener\" target=\"_blank\">nyhetsbrev<\/a> om du vill h\u00e5lla \u00f6rat mot r\u00e4lsen och ta del av branschens senaste nyheter.<\/p>\n","protected":false},"excerpt":{"rendered":"Godk\u00e4nnandena har l\u00e4mnats av Konkurrensverket samt Inspektionen f\u00f6r strategiska produkter. F\u00f6rv\u00e4rvet v\u00e4ntas nu kunna slutf\u00f6ras i b\u00f6rjan av&hellip;\n","protected":false},"author":2,"featured_media":127943,"comment_status":"","ping_status":"","sticky":false,"template":"","format":"standard","meta":{"footnotes":""},"categories":[66],"tags":[80,78,79,34,31,33,32,30,81,84,83,82],"class_list":{"0":"post-127942","1":"post","2":"type-post","3":"status-publish","4":"format-standard","5":"has-post-thumbnail","7":"category-vetenskap-och-teknik","8":"tag-science","9":"tag-science-and-technology","10":"tag-scienceandtechnology","11":"tag-se","12":"tag-svenska","13":"tag-sverige","14":"tag-sweden","15":"tag-swedish","16":"tag-technology","17":"tag-teknik","18":"tag-vetenskap","19":"tag-vetenskapteknik"},"share_on_mastodon":{"url":"https:\/\/pubeurope.com\/@se\/115852534276311826","error":""},"_links":{"self":[{"href":"https:\/\/www.europesays.com\/se\/wp-json\/wp\/v2\/posts\/127942","targetHints":{"allow":["GET"]}}],"collection":[{"href":"https:\/\/www.europesays.com\/se\/wp-json\/wp\/v2\/posts"}],"about":[{"href":"https:\/\/www.europesays.com\/se\/wp-json\/wp\/v2\/types\/post"}],"author":[{"embeddable":true,"href":"https:\/\/www.europesays.com\/se\/wp-json\/wp\/v2\/users\/2"}],"replies":[{"embeddable":true,"href":"https:\/\/www.europesays.com\/se\/wp-json\/wp\/v2\/comments?post=127942"}],"version-history":[{"count":0,"href":"https:\/\/www.europesays.com\/se\/wp-json\/wp\/v2\/posts\/127942\/revisions"}],"wp:featuredmedia":[{"embeddable":true,"href":"https:\/\/www.europesays.com\/se\/wp-json\/wp\/v2\/media\/127943"}],"wp:attachment":[{"href":"https:\/\/www.europesays.com\/se\/wp-json\/wp\/v2\/media?parent=127942"}],"wp:term":[{"taxonomy":"category","embeddable":true,"href":"https:\/\/www.europesays.com\/se\/wp-json\/wp\/v2\/categories?post=127942"},{"taxonomy":"post_tag","embeddable":true,"href":"https:\/\/www.europesays.com\/se\/wp-json\/wp\/v2\/tags?post=127942"}],"curies":[{"name":"wp","href":"https:\/\/api.w.org\/{rel}","templated":true}]}}