{"id":127990,"date":"2026-01-07T07:41:10","date_gmt":"2026-01-07T07:41:10","guid":{"rendered":"https:\/\/www.europesays.com\/se\/127990\/"},"modified":"2026-01-07T07:41:10","modified_gmt":"2026-01-07T07:41:10","slug":"nyheter-byggmaterial-byggmaterial-sverige-5","status":"publish","type":"post","link":"https:\/\/www.europesays.com\/se\/127990\/","title":{"rendered":"Nyheter &#8211; Byggmaterial | Byggmaterial Sverige"},"content":{"rendered":"<p>                                        <img decoding=\"async\" class=\"news-image\" src=\"https:\/\/www.europesays.com\/se\/wp-content\/uploads\/2026\/01\/7822895.jpg\"\/><\/p>\n<p class=\"image-description\">Tegelm\u00e4sters vd Catharina Holmstr\u00f6m.<\/p>\n<p>                    <a class=\"category-tag\" href=\"https:\/\/www.tidningenbyggmaterial.se\/nyheter\/\" rel=\"nofollow noopener\" target=\"_blank\">Nyheter<\/a><br \/>\n                    07 januari 2026<br \/>\n                    <strong>Text: <\/strong>Emma Sellbrink <strong>Foto: <\/strong>Tegelm\u00e4ster<br \/>\n                    Tegelm\u00e4ster lanserar podden Murverk och M\u00e4nniskor, en podd med tankar om tegel, arkitektur och skapande. Artisten Wille Crafoord och Tbaxtstan st\u00e5r f\u00f6r introl\u00e5ten \u201dTegel\u201d och premi\u00e4ravsnittet g\u00e4stas av arkitekten och tegelentusiasten August Orring. <\/p>\n<p>Med podden Murverk och M\u00e4nniskor vill Tegelm\u00e4ster lyfta hur det \u00e4r att skapa n\u00e5got som ska h\u00e5lla \u00f6ver tid, b\u00e5de som byggnad och id\u00e9. Varje avsnitt kommer att bjuda p\u00e5 g\u00e4ster och samtal som ber\u00f6r s\u00e5v\u00e4l branschfolk som alla de m\u00e4nniskor som lever sina liv i byggnader av tegel.\u00a0<\/p>\n<p>Bakom podcastens introl\u00e5t st\u00e5r artisten Wille Crafoord, v\u00e4lk\u00e4nd svensk singer-songwriter och hiphopartist\u00a0men ocks\u00e5 k\u00e4nd f\u00f6r sitt intresse f\u00f6r arkitektur och sin passion f\u00f6r tegel.\u00a0<\/p>\n<p>\u2013 Vi vill skapa ett forum d\u00e4r kunskap och passion f\u00f6r tegel och arkitektur f\u00e5r ta plats och d\u00e4r olika r\u00f6ster m\u00f6ts. Att Wille Crafoord har gjort poddens introl\u00e5t \u00e4r extra roligt och visar att tegel engagerar och inspirerar l\u00e5ngt utanf\u00f6r byggbranschen, s\u00e4ger Tegelm\u00e4sters vd Catharina Holmstr\u00f6m.<\/p>\n<p>\u00a0<\/p>\n<p>\u00a0<\/p>\n<p>    Annons:<\/p>\n<p>                <a href=\"https:\/\/www.flexit.no\/sv\/kontakta-oss\/#foersaeljning-bygghandel-och-el\" target=\"_blank\" class=\"ann-link\" rel=\"nofollow noopener\">&#13;<br \/>\n                    <img decoding=\"async\" class=\"ann-image\" src=\"https:\/\/www.europesays.com\/se\/wp-content\/uploads\/2026\/01\/3291344637.jpg\" alt=\"\"\/>&#13;<br \/>\n                <\/a><\/p>\n<p>                <a href=\"https:\/\/www.eventim.se\/artist\/mensehfeuro2026\/mens-ehf-euro-2026-malmoe-dagsbiljetter-3696428\/\" target=\"_blank\" class=\"ann-link\" rel=\"nofollow noopener\">&#13;<br \/>\n                    <img decoding=\"async\" class=\"ann-image\" src=\"https:\/\/www.europesays.com\/se\/wp-content\/uploads\/2026\/01\/329134272.jpg\" alt=\"\"\/>&#13;<br \/>\n                <\/a><\/p>\n","protected":false},"excerpt":{"rendered":"Tegelm\u00e4sters vd Catharina Holmstr\u00f6m. Nyheter 07 januari 2026 Text: Emma Sellbrink Foto: Tegelm\u00e4ster Tegelm\u00e4ster lanserar podden Murverk och&hellip;\n","protected":false},"author":2,"featured_media":127991,"comment_status":"","ping_status":"","sticky":false,"template":"","format":"standard","meta":{"footnotes":""},"categories":[66],"tags":[80,78,79,34,31,33,32,30,81,84,83,82],"class_list":{"0":"post-127990","1":"post","2":"type-post","3":"status-publish","4":"format-standard","5":"has-post-thumbnail","7":"category-vetenskap-och-teknik","8":"tag-science","9":"tag-science-and-technology","10":"tag-scienceandtechnology","11":"tag-se","12":"tag-svenska","13":"tag-sverige","14":"tag-sweden","15":"tag-swedish","16":"tag-technology","17":"tag-teknik","18":"tag-vetenskap","19":"tag-vetenskapteknik"},"share_on_mastodon":{"url":"https:\/\/pubeurope.com\/@se\/115852691653532118","error":""},"_links":{"self":[{"href":"https:\/\/www.europesays.com\/se\/wp-json\/wp\/v2\/posts\/127990","targetHints":{"allow":["GET"]}}],"collection":[{"href":"https:\/\/www.europesays.com\/se\/wp-json\/wp\/v2\/posts"}],"about":[{"href":"https:\/\/www.europesays.com\/se\/wp-json\/wp\/v2\/types\/post"}],"author":[{"embeddable":true,"href":"https:\/\/www.europesays.com\/se\/wp-json\/wp\/v2\/users\/2"}],"replies":[{"embeddable":true,"href":"https:\/\/www.europesays.com\/se\/wp-json\/wp\/v2\/comments?post=127990"}],"version-history":[{"count":0,"href":"https:\/\/www.europesays.com\/se\/wp-json\/wp\/v2\/posts\/127990\/revisions"}],"wp:featuredmedia":[{"embeddable":true,"href":"https:\/\/www.europesays.com\/se\/wp-json\/wp\/v2\/media\/127991"}],"wp:attachment":[{"href":"https:\/\/www.europesays.com\/se\/wp-json\/wp\/v2\/media?parent=127990"}],"wp:term":[{"taxonomy":"category","embeddable":true,"href":"https:\/\/www.europesays.com\/se\/wp-json\/wp\/v2\/categories?post=127990"},{"taxonomy":"post_tag","embeddable":true,"href":"https:\/\/www.europesays.com\/se\/wp-json\/wp\/v2\/tags?post=127990"}],"curies":[{"name":"wp","href":"https:\/\/api.w.org\/{rel}","templated":true}]}}