{"id":128031,"date":"2026-01-07T08:15:11","date_gmt":"2026-01-07T08:15:11","guid":{"rendered":"https:\/\/www.europesays.com\/se\/128031\/"},"modified":"2026-01-07T08:15:11","modified_gmt":"2026-01-07T08:15:11","slug":"one-nordic-ab-har-forvarvat-kraftringen-service-ab","status":"publish","type":"post","link":"https:\/\/www.europesays.com\/se\/128031\/","title":{"rendered":"ONE Nordic AB har f\u00f6rv\u00e4rvat Kraftringen Service AB"},"content":{"rendered":"<p>\n          Pressmeddelande &#8211;<br \/>\n 7 Januari 2026 09:00<\/p>\n<p>    Dela<\/p>\n<p>\n          L\u00e4nk kopierad!\n        <\/p>\n<p>          <a class=\"ghost-btn-with-icon svg-stroke\" rel=\"nofollow noopener\" aria-label=\"Ladda ned som PDF\" href=\"https:\/\/www.mynewsdesk.com\/se\/kraftringen\/pressreleases\/one-nordic-ab-har-foervaervat-kraftringen-service-ab-3423698.pdf\" target=\"_blank\"><\/p>\n<p>            Ladda ner<br \/>\n<\/a>      <\/p>\n<p>Fr\u00e5n och med den f\u00f6rste januari 2026 \u00e4ger ONE Nordic 100 procent av Kraftringen Service AB, Kraftringen Energi ABs entreprenadbolag av eln\u00e4ts- och belysningstj\u00e4nster.<\/p>\n<p>ONE Nordic \u00e4r ett av Sveriges st\u00f6rsta entreprenadbolag inom el-infrastruktur, med huvudkontor i Malm\u00f6. F\u00f6r att kunna ge sina kunder den b\u00e4sta servicen och ha ett helt\u00e4ckande och l\u00e5ngsiktigt erbjudande beh\u00f6ver de ett kontinuerligt infl\u00f6de av r\u00e4tt kompetens.  <\/p>\n<p><img loading=\"lazy\" decoding=\"async\" src=\"https:\/\/www.europesays.com\/se\/wp-content\/uploads\/2026\/01\/sg26f904qpyjeifvyd1wm2.jpeg\" data-material-id=\"3388270\" data-material-type=\"ImageList\" width=\"1000\" height=\"667\"\/><\/p>\n<p>Genom att f\u00f6rv\u00e4rva Kraftringen Service AB f\u00e5r ONE Nordic runt 130 duktiga medarbetare som med hj\u00e4lp av ONE Nordics starka organisation ges de b\u00e4sta f\u00f6ruts\u00e4ttningarna att utvecklas och utf\u00f6ra ett bra jobb.<\/p>\n<p>Aff\u00e4ren tillk\u00e4nnagavs redan den 5 februari 2024, och en f\u00f6rsta del av f\u00f6rv\u00e4rvet p\u00e5 30 procent genomf\u00f6rdes under sommaren 2024. D\u00e5 \u00f6vertog ONE Nordic det operativa ansvaret av personalen och tillsatte en ny VD, Peter Larsson Lindstr\u00f6m. Nu \u00e4r de resterande 70 procent f\u00f6rv\u00e4rvade och aff\u00e4ren \u00e4r d\u00e4rmed helt genomf\u00f6rd. Kraftringen Service AB, med en \u00e5rlig oms\u00e4ttning p\u00e5 500 Mkr, blir ett dotterbolag i ONE Nordic koncernen och byter namn till ONE Nordic SE.<\/p>\n<p>Att aff\u00e4ren gick igenom i sin helhet \u00e4r i sig ett kvitto p\u00e5 att b\u00e5da parter \u00e4r n\u00f6jda med \u00f6verg\u00e5ngen som skett stegvis de g\u00e5ngna m\u00e5naderna. Personalen forts\u00e4tter att jobba i projekt inom belysning och eln\u00e4t i samma geografiska omr\u00e5den, med Kraftringen N\u00e4t och E.ON som huvudsakliga kunder. Peter Larsson Lindstr\u00f6m forts\u00e4tter som VD f\u00f6r ONE Nordic SE.<\/p>\n<p>Alla medarbetare p\u00e5 det nya dotterbolaget ska efter \u00e5rsskiftet f\u00e5 b\u00e5de kl\u00e4der och bilar som \u00e4r brandade med ONE Nordic. <\/p>\n<p>&#8211; Jag \u00e4r glad \u00f6ver att f\u00f6rv\u00e4rvet \u00e4r helt genomf\u00f6rt och jag vill rikta ett stort tack till Kraftringen f\u00f6r ett utm\u00e4rkt samarbete genom hela processen. Genom f\u00f6rv\u00e4rvet s\u00e4kerst\u00e4lls stabila och l\u00e5ngsiktiga f\u00f6ruts\u00e4ttningar f\u00f6r f\u00f6retagets- och medarbetarnas fortsatta utveckling, s\u00e4ger <strong>Peter Larsson Lindstr\u00f6m, VD ONE Nordic SE<\/strong>.<\/p>\n<p>&#8211; Med ONE Nordic som ny \u00e4gare f\u00e5r v\u00e5r tidigare entreprenadverksamhet, Kraftringen Service AB, en stark och l\u00e5ngsiktig grund f\u00f6r fortsatt utveckling. En f\u00f6r\u00e4ndring som kommer ge goda f\u00f6ruts\u00e4ttningar att m\u00f6ta kundernas krav p\u00e5 energimarknaden samtidigt som det \u00f6ppnar nya utvecklingsm\u00f6jligheter f\u00f6r v\u00e5ra medarbetare, som nu \u00e4r en del av ONE Nordic. Avslutningsvis vill jag tacka alla kollegor f\u00f6r deras arbetsinsats och \u00f6nskar dem allt gott fram\u00f6ver, s\u00e4ger <strong>Sezgin Kadir, VD och koncernchef Kraftringen Energi<\/strong>.<\/p>\n<p><strong>F\u00f6r mer information kontakta:<br \/><\/strong>ONE Nordic: Lisa Loderus, kommunikations- och marknadsansvarig, tfn 0763113733 eller e-post: lisa.loderus@one-nordic.se eller Kraftringen Energi: Kraftringen pressjour tfn 010-122 70 80 eller e-post sara.hoff@krafringen.se<\/p>\n","protected":false},"excerpt":{"rendered":"Pressmeddelande &#8211; 7 Januari 2026 09:00 Dela L\u00e4nk kopierad! Ladda ner Fr\u00e5n och med den f\u00f6rste januari 2026&hellip;\n","protected":false},"author":2,"featured_media":128032,"comment_status":"","ping_status":"","sticky":false,"template":"","format":"standard","meta":{"footnotes":""},"categories":[65],"tags":[8932,72,70,71,12674,13236,13237,13238,34,31,33,32,30],"class_list":{"0":"post-128031","1":"post","2":"type-post","3":"status-publish","4":"format-standard","5":"has-post-thumbnail","7":"category-ekonomi","8":"tag-belysning","9":"tag-business","10":"tag-economy","11":"tag-ekonomi","12":"tag-elnat","13":"tag-entreprenadverksamhet","14":"tag-kraftringen-service-ab","15":"tag-one-nordic","16":"tag-se","17":"tag-svenska","18":"tag-sverige","19":"tag-sweden","20":"tag-swedish"},"share_on_mastodon":{"url":"https:\/\/pubeurope.com\/@se\/115852825279812360","error":""},"_links":{"self":[{"href":"https:\/\/www.europesays.com\/se\/wp-json\/wp\/v2\/posts\/128031","targetHints":{"allow":["GET"]}}],"collection":[{"href":"https:\/\/www.europesays.com\/se\/wp-json\/wp\/v2\/posts"}],"about":[{"href":"https:\/\/www.europesays.com\/se\/wp-json\/wp\/v2\/types\/post"}],"author":[{"embeddable":true,"href":"https:\/\/www.europesays.com\/se\/wp-json\/wp\/v2\/users\/2"}],"replies":[{"embeddable":true,"href":"https:\/\/www.europesays.com\/se\/wp-json\/wp\/v2\/comments?post=128031"}],"version-history":[{"count":0,"href":"https:\/\/www.europesays.com\/se\/wp-json\/wp\/v2\/posts\/128031\/revisions"}],"wp:featuredmedia":[{"embeddable":true,"href":"https:\/\/www.europesays.com\/se\/wp-json\/wp\/v2\/media\/128032"}],"wp:attachment":[{"href":"https:\/\/www.europesays.com\/se\/wp-json\/wp\/v2\/media?parent=128031"}],"wp:term":[{"taxonomy":"category","embeddable":true,"href":"https:\/\/www.europesays.com\/se\/wp-json\/wp\/v2\/categories?post=128031"},{"taxonomy":"post_tag","embeddable":true,"href":"https:\/\/www.europesays.com\/se\/wp-json\/wp\/v2\/tags?post=128031"}],"curies":[{"name":"wp","href":"https:\/\/api.w.org\/{rel}","templated":true}]}}