{"id":128037,"date":"2026-01-07T08:21:15","date_gmt":"2026-01-07T08:21:15","guid":{"rendered":"https:\/\/www.europesays.com\/se\/128037\/"},"modified":"2026-01-07T08:21:15","modified_gmt":"2026-01-07T08:21:15","slug":"bockerna-du-vill-lasa-innan-de-blir-film-2026-och-adaptionerna-du-kanske-missade-forra-aret","status":"publish","type":"post","link":"https:\/\/www.europesays.com\/se\/128037\/","title":{"rendered":"B\u00f6ckerna du vill l\u00e4sa innan de blir film 2026 \u2013 och adaptionerna du kanske missade f\u00f6rra \u00e5ret"},"content":{"rendered":"\n<p>Publicerad den 7 januari 2026 av Metro Mode<\/p>\n<p><strong>Nytt \u00e5r, nya filmer \u2013 och \u00e4nnu fler b\u00f6cker som st\u00e5r p\u00e5 tur att ta steget fr\u00e5n bokhyllan till bioduken. 2026 ser ut att bli ett riktigt gul\u00e5r f\u00f6r dig som \u00e4lskar <strong>filmatiseringar av b\u00f6cker <\/strong>och helst vill l\u00e4sa ber\u00e4ttelsen innan den blir film.<\/strong><\/p>\n<p><img loading=\"lazy\" decoding=\"async\" width=\"1200\" height=\"800\" src=\"https:\/\/www.europesays.com\/se\/wp-content\/uploads\/2026\/01\/bockerna-du-vill-lasa-innan-de-blir-film-2026-och-adaptionerna-du-kanske-missade-forra-aret-bild.jpg\" alt=\"\" class=\"wp-image-411774\"\/>Foto: Netflix<\/p>\n<p>H\u00e4r \u00e4r b\u00f6ckerna du vill l\u00e4gga h\u00f6gst p\u00e5 l\u00e4slistan just nu \u2013 plus titlarna som redan haft premi\u00e4r, om du r\u00e5kade missa dem.<\/p>\n<p><strong>Bokadaptioner med premi\u00e4r 2026 \u2013 l\u00e4s dem f\u00f6rst<\/strong><\/p>\n<p><strong><a href=\"https:\/\/metromode.se\/bounce?url=3925615816.aHR0cHM6Ly93d3cuYWRsaWJyaXMuY29tL3N2L2Jvay9zb21tYXJtb3Rlbi05Nzg5MTg5MzA2MDgw\" rel=\"nofollow noopener\" target=\"_blank\">People We Meet on Vacation (Sommarm\u00f6ten)<\/a><\/strong><\/p>\n<p><strong>\u00a0\u2013 Emily Henry<\/strong><\/p>\n<p><strong>Premi\u00e4r: 9 januari 2026 p\u00e5 Netflix<\/strong><\/p>\n<p>Efter \u00e5r av hypen p\u00e5 BookTok och o\u00e4ndliga rekommendationer \u00e4r det \u00e4ntligen dags: People We Meet on Vacation blir film \u2013 och ja, det \u00e4r precis s\u00e5 romantiskt, pirrigt och hj\u00e4rtsk\u00e4rande som du hoppas.<\/p>\n<p>Ber\u00e4ttelsen f\u00f6ljer Poppy och Alex, tv\u00e5 totalt olika personligheter som trots (eller kanske tack vare) sina olikheter utvecklar en djup v\u00e4nskap. Under flera \u00e5r \u00e5ker de p\u00e5 en gemensam semester varje sommar \u2013 tills n\u00e5got h\u00e4nder som g\u00f6r att allt rasar. Sedan dess har de knappt haft kontakt. Men n\u00e4r de best\u00e4mmer sig f\u00f6r att ge v\u00e4nskapen en sista chans genom \u00e4nnu en resa, bubblar allt upp till ytan: gamla konflikter, outtalade k\u00e4nslor och den d\u00e4r fr\u00e5gan som h\u00e4ngt i luften alldeles f\u00f6r l\u00e4nge \u2013 t\u00e4nk om de aldrig bara varit v\u00e4nner?<\/p>\n<p>Det h\u00e4r \u00e4r en klassisk enemies-to-lovers-historia, men med Emily Henrys signatur: smart dialog, humor som faktiskt f\u00e5r dig att skratta h\u00f6gt och emotionellt djup som tr\u00e4ffar rakt i magen. Det \u00e4r en bok om timing, r\u00e4dsla, v\u00e4nskap och k\u00e4rlek \u2013 och om hur l\u00e4tt det \u00e4r att missa det som funnits framf\u00f6r en hela tiden.<\/p>\n<p>Filmadaptionen v\u00e4ntas f\u00e5nga samma somriga k\u00e4nsla som gjort boken till en modern romcom-favorit: resor, solblekta minnen, sena samtal och den d\u00e4r pirriga sp\u00e4nningen som byggs upp l\u00e5ngsamt, l\u00e5ngsamt\u2026 tills det n\u00e4stan g\u00f6r ont.<\/p>\n<p><img loading=\"lazy\" decoding=\"async\" width=\"342\" height=\"500\" src=\"https:\/\/www.europesays.com\/se\/wp-content\/uploads\/2026\/01\/sommarmoten-bok-omslag-e1767771168803.jpeg\" alt=\"\" class=\"wp-image-411770\"\/>Foto: <a href=\"https:\/\/metromode.se\/bounce?url=3925615816.aHR0cHM6Ly93d3cuYWRsaWJyaXMuY29tL3N2L2Jvay9zb21tYXJtb3Rlbi05Nzg5MTg5MzA2MDgw\" rel=\"nofollow noopener\" target=\"_blank\">Adlibris<\/a><\/p>\n<p><strong><a href=\"https:\/\/metromode.se\/bounce?url=651117492.aHR0cHM6Ly93d3cuYm9rdXMuY29tL2Jvay85Nzg5MTc0OTkzOTc0L3N2aW5kbGFuZGUtaG9qZGVyLw\" rel=\"nofollow noopener\" target=\"_blank\">Wuthering Heights (Svindlande h\u00f6jder)<\/a><\/strong><\/p>\n<p><strong>\u00a0\u2013 Emily Bront\u00eb<\/strong><\/p>\n<p><strong>Premi\u00e4r: 13 februari 2026<\/strong><\/p>\n<p>Den ultimata gotiska k\u00e4rlekshistorien \u00e4r tillbaka. Wuthering Heights, Emily Bront\u00ebs tidl\u00f6sa roman fr\u00e5n 1847, f\u00e5r \u00e4nnu en filmversion \u2013 och den h\u00e4r g\u00e5ngen med Margot Robbie och Jacob Elordi i huvudrollerna. Resultatet v\u00e4ntas bli lika m\u00f6rkt, intensivt och k\u00e4nsloladdat som f\u00f6rlagan.<\/p>\n<p>Ber\u00e4ttelsen om Catherine Earnshaw och Heathcliff \u00e4r allt annat \u00e4n en klassisk romantisk saga. Det \u00e4r en k\u00e4rlek som \u00e4r besatt, destruktiv och om\u00f6jlig att sl\u00e4ppa \u2013 pr\u00e4glad av klasskillnader, h\u00e4mnd och starka k\u00e4nslor som str\u00e4cker sig \u00f6ver generationer. Romanen utspelar sig p\u00e5 de vindpinade hedarna i norra England, d\u00e4r naturen speglar karakt\u00e4rernas inre kaos.<\/p>\n<p>Trots att Wuthering Heights har filmatiserats flera g\u00e5nger genom \u00e5ren forts\u00e4tter ber\u00e4ttelsen att fascinera nya generationer. Teman som makt, passion, utanf\u00f6rskap och emotionell intensitet k\u00e4nns minst lika relevanta i dag \u2013 vilket g\u00f6r den perfekt f\u00f6r en modern tolkning.<\/p>\n<p>Med Margot Robbies karisma och Jacob Elordis m\u00f6rka n\u00e4rvaro v\u00e4ntas filmen ge nytt liv \u00e5t karakt\u00e4rerna och locka b\u00e5de inbitna litteratur\u00e4lskare och en helt ny publik. Det h\u00e4r \u00e4r ingen l\u00e4ttsam romcom \u2013 utan en ber\u00e4ttelse om k\u00e4rlek som br\u00e4nner, s\u00e5rar och aldrig riktigt sl\u00e4pper taget.<\/p>\n<p><img loading=\"lazy\" decoding=\"async\" width=\"1200\" height=\"1856\" src=\"https:\/\/www.europesays.com\/se\/wp-content\/uploads\/2026\/01\/bronte_svindlande_hojder_omslag-1200x1856.jpg\" alt=\"\" class=\"wp-image-411769\"\/>Foot: <a href=\"https:\/\/metromode.se\/bounce?url=651117492.aHR0cHM6Ly93d3cuYm9rdXMuY29tL2Jvay85Nzg5MTc0OTkzOTc0L3N2aW5kbGFuZGUtaG9qZGVyLw\" rel=\"nofollow noopener\" target=\"_blank\">Bokus<\/a><\/p>\n<p><strong><a href=\"https:\/\/metromode.se\/bounce?url=1377743786.aHR0cHM6Ly93d3cuYm9rdXMuY29tL2Jvay85Nzg5MTg5NTg1NDc4L3VwcGRyYWctaGFpbC1tYXJ5LWVuc2FtLWktcnltZGVuLw\" rel=\"nofollow noopener\" target=\"_blank\">Project Hail Mary (Uppdrag Hail Mary: ensam i rymden)<\/a><\/strong><\/p>\n<p><strong>\u00a0\u2013 Andy Weir<\/strong><\/p>\n<p><strong>Premi\u00e4r: 20 mars 2026<\/strong><\/p>\n<p>Efter succ\u00e9erna The Martian och Artemis \u00e4r Andy Weir tillbaka med en ber\u00e4ttelse som blandar h\u00f6goktanig sci-fi med v\u00e4rme, humor och ov\u00e4ntat mycket k\u00e4nslor. Project Hail Mary \u00e4r en av de mest hyllade moderna science fiction-romaner som sl\u00e4ppts de senaste \u00e5ren \u2013 och nu blir den film med Ryan Gosling i huvudrollen.<\/p>\n<p>Historien kretsar kring en ensam astronaut som vaknar upp p\u00e5 ett rymdskepp, l\u00e5ngt fr\u00e5n jorden \u2013 utan minne av vem han \u00e4r eller varf\u00f6r han \u00e4r d\u00e4r. Allt eftersom minnena sakta kommer tillbaka inser han att han b\u00e4r p\u00e5 ett om\u00f6jligt uppdrag: att r\u00e4dda m\u00e4nskligheten fr\u00e5n total underg\u00e5ng. Insatserna \u00e4r enorma, men ber\u00e4ttelsen drivs lika mycket av m\u00e4nskliga relationer, intelligens och nyfikenhet som av avancerad vetenskap.<\/p>\n<p>Det som g\u00f6r Project Hail Mary s\u00e5 \u00e4lskad \u00e4r balansen mellan vetenskapligt n\u00f6rderi och l\u00e4ttsam humor. Andy Weir har en unik f\u00f6rm\u00e5ga att g\u00f6ra komplexa id\u00e9er b\u00e5de sp\u00e4nnande och tillg\u00e4ngliga \u2013 och mitt i allt finns ett stort hj\u00e4rta. Det \u00e4r en bok som f\u00e5r dig att skratta ena stunden och bli m\u00e4rkbart ber\u00f6rd i n\u00e4sta.<\/p>\n<p>Filmadaptionen beskrivs redan som en av 2026 \u00e5rs mest ambiti\u00f6sa sci-fi-satsningar, med storslagna rymdscener, h\u00f6gt tempo och en ber\u00e4ttelse som p\u00e5minner oss om varf\u00f6r vi \u00e4lskar ber\u00e4ttelser om \u00f6verlevnad, hopp och m\u00e4nsklig uppfinningsrikedom.<\/p>\n<p><img loading=\"lazy\" decoding=\"async\" width=\"337\" height=\"500\" src=\"https:\/\/www.europesays.com\/se\/wp-content\/uploads\/2026\/01\/uppdrag-hail-mary-ensam-i-rymden-e1767772319627.jpeg\" alt=\"\" class=\"wp-image-411779\"\/>Foto: <a href=\"https:\/\/metromode.se\/bounce?url=1377743786.aHR0cHM6Ly93d3cuYm9rdXMuY29tL2Jvay85Nzg5MTg5NTg1NDc4L3VwcGRyYWctaGFpbC1tYXJ5LWVuc2FtLWktcnltZGVuLw\" rel=\"nofollow noopener\" target=\"_blank\">Bokus<\/a><\/p>\n<p><strong><a href=\"https:\/\/metromode.se\/bounce?url=4288051655.aHR0cHM6Ly93d3cuYWRsaWJyaXMuY29tL3N2L2Jvay90aGUtbWFnaWMtZmFyYXdheS10cmVlLXRoZS1tYWdpYy1mYXJhd2F5LXRyZWUtOTc4MTQ0NDk1OTQ2OA\" rel=\"nofollow noopener\" target=\"_blank\">The Magic Faraway Tree<\/a><\/strong><\/p>\n<p><strong>\u00a0\u2013 Enid Blyton<\/strong><\/p>\n<p><strong>Premi\u00e4r: 27 mars 2026<\/strong><\/p>\n<p>En av v\u00e4rldens mest \u00e4lskade barnboksklassiker f\u00e5r nytt liv p\u00e5 bioduken. The Magic Faraway Tree, skriven av Enid Blyton, \u00e4r ber\u00e4ttelsen som format generationer av l\u00e4sare \u2013 och som nu kliver in i filmv\u00e4rlden f\u00f6r att f\u00f6rtrolla b\u00e5de barn och vuxna.<\/p>\n<p>Historien f\u00f6ljer ett syskonpar som flyttar till en ny plats och uppt\u00e4cker ett enormt, magiskt tr\u00e4d i skogen. H\u00f6gt upp i tr\u00e4dets krona finns portar till nya v\u00e4rldar som st\u00e4ndigt f\u00f6r\u00e4ndras \u2013 ibland lekfulla och f\u00e4rgsprakande, ibland lite m\u00f6rkare och mer g\u00e5tfulla. Varje bes\u00f6k blir ett \u00e4ventyr, d\u00e4r fantasi, mod och v\u00e4nskap s\u00e4tts p\u00e5 prov.<\/p>\n<p>B\u00f6ckerna om Det magiska tr\u00e4det har l\u00e4nge varit en sj\u00e4lvklar del av m\u00e5nga barndomar, och filmatiseringen beskrivs som en hyllning till just den k\u00e4nslan: nyfikenheten, tryggheten och den obegr\u00e4nsade fantasin. Samtidigt \u00e4r ambitionen att g\u00f6ra ber\u00e4ttelsen tillg\u00e4nglig f\u00f6r en ny generation \u2013 utan att tappa den klassiska magin.<\/p>\n<p>Att Andrew Garfield kliver in i filmens v\u00e4rld adderar ytterligare ett lager. Med sin f\u00f6rm\u00e5ga att balansera v\u00e4rme och allvar v\u00e4ntas han bidra till en film som fungerar lika bra som familje\u00e4ventyr som nostalgiresa f\u00f6r vuxna.<\/p>\n<p><img loading=\"lazy\" decoding=\"async\" width=\"326\" height=\"500\" src=\"https:\/\/www.europesays.com\/se\/wp-content\/uploads\/2026\/01\/enid-blython-the-magic-faraway-tree-e1767773903577.jpg\" alt=\"\" class=\"wp-image-411785\"\/>Foto: <a href=\"https:\/\/metromode.se\/bounce?url=4288051655.aHR0cHM6Ly93d3cuYWRsaWJyaXMuY29tL3N2L2Jvay90aGUtbWFnaWMtZmFyYXdheS10cmVlLXRoZS1tYWdpYy1mYXJhd2F5LXRyZWUtOTc4MTQ0NDk1OTQ2OA\" rel=\"nofollow noopener\" target=\"_blank\">Adlibris<\/a><\/p>\n<p><strong>Hamlet<\/strong><\/p>\n<p><strong>\u00a0\u2013 William Shakespeare<\/strong><\/p>\n<p><strong>Premi\u00e4r: datum ej klart (2026)<\/strong><\/p>\n<p>En modern tolkning av Shakespeares klassiker, med <strong>Riz Ahmed<\/strong> i huvudrollen. En perfekt urs\u00e4kt att faktiskt l\u00e4sa pj\u00e4sen igen.<\/p>\n<p><strong>Kommande adaptioner l\u00e4ngre fram (senare 2026)<\/strong><\/p>\n<p><strong>Verity<\/strong><\/p>\n<p><strong>\u00a0\u2013 Colleen Hoover<\/strong><\/p>\n<p><strong>Premi\u00e4r: 2 oktober 2026<\/strong><\/p>\n<p>En av Hoovers mest omtalade \u2013 och m\u00f6rkaste \u2013 romaner blir film. Med <strong>Anne Hathaway<\/strong> och <strong>Dakota Johnson<\/strong>. L\u00e4s med varning f\u00f6r starka k\u00e4nslor och brutala twists.<\/p>\n<p><strong>The Hunger Games: Sunrise on the Reaping<\/strong><\/p>\n<p><strong>\u00a0\u2013 Suzanne Collins<\/strong><\/p>\n<p><strong>Premi\u00e4r: 20 november 2026<\/strong><\/p>\n<p>Tillbaka till Panem. En ny ber\u00e4ttelse i Hungerspelen-universumet som redan skapat enorm hype bland fansen.<\/p>\n<p><strong>Redan haft premi\u00e4r (2025) \u2013 missa inte b\u00f6ckerna bakom filmerna<\/strong><\/p>\n<p>Om du k\u00e4nner att 2025 fl\u00f6g f\u00f6rbi lite f\u00f6r snabbt \u2013 h\u00e4r \u00e4r adaptionerna som <strong>redan haft premi\u00e4r<\/strong>, men d\u00e4r b\u00f6ckerna fortfarande \u00e4r h\u00f6gaktuella.<\/p>\n<ul class=\"wp-block-list\">\n<li>The Man in My Basement \u2013 Walter Mosley<\/li>\n<li>The Lost Bus \u2013 Lizzie Johnson<\/li>\n<li>The Woman in Cabin 10 \u2013 Ruth Ware<\/li>\n<li>Regretting You \u2013 Colleen Hoover<\/li>\n<li>Ballad of a Small Player \u2013 Lawrence Osborne<\/li>\n<li>Frankenstein \u2013 Mary Shelley<\/li>\n<li>Nuremberg \u2013 Jack El-Hai<\/li>\n<li>The Running Man \u2013 Stephen King<\/li>\n<li>Hamnet \u2013 Maggie O\u2019Farrell<\/li>\n<li>The Housemaid \u2013 Freida McFadden<\/li>\n<\/ul>\n<p>Perfekta titlar att plocka upp om du vill l\u00e4sa boken efter filmen \u2013 eller uppt\u00e4cka vad som faktiskt skiljer dem \u00e5t.<\/p>\n<p>2026 \u00e4r \u00e5ret d\u00e5 bok\u00e4lskare f\u00e5r sitt lystm\u00e4te. Oavsett om du f\u00f6redrar romance, thrillers, klassiker eller dystopi finns det gott om ber\u00e4ttelser att f\u00f6rsvinna in i \u2013 innan lamporna sl\u00e4cks i biosalongen.<\/p>\n","protected":false},"excerpt":{"rendered":"Publicerad den 7 januari 2026 av Metro Mode Nytt \u00e5r, nya filmer \u2013 och \u00e4nnu fler b\u00f6cker som&hellip;\n","protected":false},"author":2,"featured_media":128038,"comment_status":"","ping_status":"","sticky":false,"template":"","format":"standard","meta":{"footnotes":""},"categories":[67],"tags":[104,34,31,33,32,30,105],"class_list":{"0":"post-128037","1":"post","2":"type-post","3":"status-publish","4":"format-standard","5":"has-post-thumbnail","7":"category-underhallning","8":"tag-entertainment","9":"tag-se","10":"tag-svenska","11":"tag-sverige","12":"tag-sweden","13":"tag-swedish","14":"tag-underhallning"},"share_on_mastodon":{"url":"https:\/\/pubeurope.com\/@se\/115852848982770443","error":""},"_links":{"self":[{"href":"https:\/\/www.europesays.com\/se\/wp-json\/wp\/v2\/posts\/128037","targetHints":{"allow":["GET"]}}],"collection":[{"href":"https:\/\/www.europesays.com\/se\/wp-json\/wp\/v2\/posts"}],"about":[{"href":"https:\/\/www.europesays.com\/se\/wp-json\/wp\/v2\/types\/post"}],"author":[{"embeddable":true,"href":"https:\/\/www.europesays.com\/se\/wp-json\/wp\/v2\/users\/2"}],"replies":[{"embeddable":true,"href":"https:\/\/www.europesays.com\/se\/wp-json\/wp\/v2\/comments?post=128037"}],"version-history":[{"count":0,"href":"https:\/\/www.europesays.com\/se\/wp-json\/wp\/v2\/posts\/128037\/revisions"}],"wp:featuredmedia":[{"embeddable":true,"href":"https:\/\/www.europesays.com\/se\/wp-json\/wp\/v2\/media\/128038"}],"wp:attachment":[{"href":"https:\/\/www.europesays.com\/se\/wp-json\/wp\/v2\/media?parent=128037"}],"wp:term":[{"taxonomy":"category","embeddable":true,"href":"https:\/\/www.europesays.com\/se\/wp-json\/wp\/v2\/categories?post=128037"},{"taxonomy":"post_tag","embeddable":true,"href":"https:\/\/www.europesays.com\/se\/wp-json\/wp\/v2\/tags?post=128037"}],"curies":[{"name":"wp","href":"https:\/\/api.w.org\/{rel}","templated":true}]}}