{"id":128070,"date":"2026-01-07T08:45:20","date_gmt":"2026-01-07T08:45:20","guid":{"rendered":"https:\/\/www.europesays.com\/se\/128070\/"},"modified":"2026-01-07T08:45:20","modified_gmt":"2026-01-07T08:45:20","slug":"klart-uppfoljaren-till-the-beekeeper-slapps-2026","status":"publish","type":"post","link":"https:\/\/www.europesays.com\/se\/128070\/","title":{"rendered":"Klart: Uppf\u00f6ljaren till &#8221;The Beekeeper&#8221; sl\u00e4pps 2026"},"content":{"rendered":"<p>\u201dThe Beekeeper 2\u201d kommer f\u00e5 sin premi\u00e4r under 2026. Det avsl\u00f6jar regiss\u00f6ren <strong>Timo Tjahjanto <\/strong>i ett inl\u00e4gg p\u00e5 Instagram. P\u00e5 den svartvita bilden syns han tillsammans med filmens stj\u00e4rna,<strong> Jason Statham<\/strong>, som verkar ha varit med om en tuff inspelning.<\/p>\n<p>Statham \u00e5terv\u00e4nder h\u00e4r i sin roll som Adam Clay, en topptr\u00e4nad l\u00f6nnm\u00f6rdare med biodling som hobby och h\u00e4mnd som sin specialitet. I den f\u00f6rra filmen fr\u00e5n 2024 regisserades han av David Ayer. Nu f\u00e5r Tjahjanto (senast aktuell med \u201dNobody 2\u201d) ta \u00f6ver registolen. \u00c5terst\u00e5r att se om han lyckas upprepa succ\u00e9n.<\/p>\n<p>\u201dThe Beekeeper\u201d spelade in \u00f6ver 160 miljoner dollar p\u00e5 en budget av 40 miljoner. MovieZines <a href=\"https:\/\/www.moviezine.se\/recensioner\/jason-statham-gor-sin-basta-actionfilm-pa-15-ar\" rel=\"nofollow noopener\" target=\"_blank\">recension<\/a> hyllade \u201dStathams b\u00e4sta actionfilm p\u00e5 15 \u00e5r\u201d.<\/p>\n<p>Fans av h\u00e5rd action och Jason Stathams bittra uppsyn har mer att se fram emot under 2026. F\u00f6rutom \u201dThe Beekeeper 2\u201d sl\u00e4pper han ocks\u00e5 actionthrillern \u201dMutiny\u201d n\u00e5gon g\u00e5ng i sommar. Och redan den 20 februari sl\u00e4pps <a href=\"https:\/\/www.moviezine.se\/nyheter\/jason-stathams-nya-actionthriller-visar-upp-sig-och-fansen-ar-redan-taggade\" rel=\"nofollow noopener\" target=\"_blank\">\u201dShelter\u201d<\/a> p\u00e5 svenska biografer.<\/p>\n<p>L\u00e4s ocks\u00e5: <a href=\"https:\/\/www.moviezine.se\/nyheter\/nobody-2-regissor-tacklar-den-efterlangtade-tv-spelsfilmen-sleeping-dogs\" title=\"\u201dNobody 2\u201d-regiss\u00f6r tacklar den efterl\u00e4ngtade tv-spelsfilmen \u201dSleeping Dogs\u201d\" class=\"underline-custom !font-montserrat !font-bold !underline-offset-4 !decoration-4 !decoration-moviezine-green !text-md\" rel=\"nofollow noopener\" target=\"_blank\">\u201dNobody 2\u201d-regiss\u00f6r tacklar den efterl\u00e4ngtade tv-spelsfilmen \u201dSleeping Dogs\u201d<\/a><\/p>\n<p>L\u00e4s ocks\u00e5: <a href=\"https:\/\/www.moviezine.se\/nyheter\/jason-stathams-nya-actionthriller-visar-upp-sig-och-fansen-ar-redan-taggade\" title=\"Jason Stathams nya actionthriller visar upp sig \u2013 och fansen \u00e4r redan taggade\" class=\"underline-custom !font-montserrat !font-bold !underline-offset-4 !decoration-4 !decoration-moviezine-green !text-md\" rel=\"nofollow noopener\" target=\"_blank\">Jason Stathams nya actionthriller visar upp sig \u2013 och fansen \u00e4r redan taggade<\/a><\/p>\n","protected":false},"excerpt":{"rendered":"\u201dThe Beekeeper 2\u201d kommer f\u00e5 sin premi\u00e4r under 2026. Det avsl\u00f6jar regiss\u00f6ren Timo Tjahjanto i ett inl\u00e4gg p\u00e5&hellip;\n","protected":false},"author":2,"featured_media":128071,"comment_status":"","ping_status":"","sticky":false,"template":"","format":"standard","meta":{"footnotes":""},"categories":[67],"tags":[104,2278,34,31,33,32,30,105],"class_list":{"0":"post-128070","1":"post","2":"type-post","3":"status-publish","4":"format-standard","5":"has-post-thumbnail","7":"category-underhallning","8":"tag-entertainment","9":"tag-kommande-filmer","10":"tag-se","11":"tag-svenska","12":"tag-sverige","13":"tag-sweden","14":"tag-swedish","15":"tag-underhallning"},"share_on_mastodon":{"url":"https:\/\/pubeurope.com\/@se\/115852943223081580","error":""},"_links":{"self":[{"href":"https:\/\/www.europesays.com\/se\/wp-json\/wp\/v2\/posts\/128070","targetHints":{"allow":["GET"]}}],"collection":[{"href":"https:\/\/www.europesays.com\/se\/wp-json\/wp\/v2\/posts"}],"about":[{"href":"https:\/\/www.europesays.com\/se\/wp-json\/wp\/v2\/types\/post"}],"author":[{"embeddable":true,"href":"https:\/\/www.europesays.com\/se\/wp-json\/wp\/v2\/users\/2"}],"replies":[{"embeddable":true,"href":"https:\/\/www.europesays.com\/se\/wp-json\/wp\/v2\/comments?post=128070"}],"version-history":[{"count":0,"href":"https:\/\/www.europesays.com\/se\/wp-json\/wp\/v2\/posts\/128070\/revisions"}],"wp:featuredmedia":[{"embeddable":true,"href":"https:\/\/www.europesays.com\/se\/wp-json\/wp\/v2\/media\/128071"}],"wp:attachment":[{"href":"https:\/\/www.europesays.com\/se\/wp-json\/wp\/v2\/media?parent=128070"}],"wp:term":[{"taxonomy":"category","embeddable":true,"href":"https:\/\/www.europesays.com\/se\/wp-json\/wp\/v2\/categories?post=128070"},{"taxonomy":"post_tag","embeddable":true,"href":"https:\/\/www.europesays.com\/se\/wp-json\/wp\/v2\/tags?post=128070"}],"curies":[{"name":"wp","href":"https:\/\/api.w.org\/{rel}","templated":true}]}}