{"id":128105,"date":"2026-01-07T09:13:07","date_gmt":"2026-01-07T09:13:07","guid":{"rendered":"https:\/\/www.europesays.com\/se\/128105\/"},"modified":"2026-01-07T09:13:07","modified_gmt":"2026-01-07T09:13:07","slug":"i-granslandet-mellan-ordning-och-kaos","status":"publish","type":"post","link":"https:\/\/www.europesays.com\/se\/128105\/","title":{"rendered":"I gr\u00e4nslandet mellan ordning och kaos"},"content":{"rendered":"<p>Trots att Berlin har ruffiga, kriminellt belastade omr\u00e5den \u00e4r skjutningar ovanligare h\u00e4r j\u00e4mf\u00f6rt med extremfallet Sverige. I likhet med exempelvis London \u00e4r knivd\u00e5d vanligare i den grova v\u00e5ldsbrottsligheten.<\/p>\n<p><strong>Polisbussen rullar f\u00f6rbi<\/strong> en torgliknande yta n\u00e4ra Rotes Rathaus. Det kryllar av unga m\u00e4nniskor.<br \/>\u2013 H\u00e4r brukar vi h\u00e5lla lite extra koll, s\u00e4ger Tim.<\/p>\n<p>Han ber\u00e4ttar att en hel del ordningsst\u00f6rningar och v\u00e5ld h\u00e4rstammar fr\u00e5n kringflackande ungdomsg\u00e4ng.<\/p>\n<p>N\u00e4r Polistidningen \u00e4r p\u00e5 bes\u00f6k har en serie allvarliga knivd\u00e5d \u00e4gt rum i stadens hj\u00e4rta. Bara n\u00e5gra veckor tidigare avled en 20-\u00e5rig afghansk man efter att ha blivit knivhuggen i samband med ett stort br\u00e5k utanf\u00f6r museet Humboldt Forum. Slagsm\u00e5let misst\u00e4nks ha varit en sammandrabbning mellan tv\u00e5 ungdomsg\u00e4ng, ett afghanskt och ett syriskt.<\/p>\n<p>Vid insatsen var ingripandepolisen Merle tidigt p\u00e5 plats. I tre minuter byttes hon av med kollegorna att utf\u00f6ra hj\u00e4rtmassage p\u00e5 20-\u00e5ringen som k\u00e4mpade f\u00f6r sitt liv. Det \u00e4r n\u00e5got Merle aldrig kommer att gl\u00f6mma.<br \/>\u2013 Han var i samma \u00e5lder som jag. Jag t\u00e4nkte: Kom igen nu! Du m\u00e5ste klara det h\u00e4r! Men det var f\u00f6rg\u00e4ves. Det d\u00e4r h\u00e4ngde sig kvar hos mig. Jag var tvungen att sjukskriva mig n\u00e5gra dagar, s\u00e4ger hon.<\/p>\n<p>Ett par veckor har f\u00f6rflutit och Merle k\u00e4nner sig som sig sj\u00e4lv igen. Men hon \u00e4r v\u00e4l medveten om att chock och trauma kan dyka upp l\u00e5ngt senare.<\/p>\n","protected":false},"excerpt":{"rendered":"Trots att Berlin har ruffiga, kriminellt belastade omr\u00e5den \u00e4r skjutningar ovanligare h\u00e4r j\u00e4mf\u00f6rt med extremfallet Sverige. I likhet&hellip;\n","protected":false},"author":2,"featured_media":128106,"comment_status":"","ping_status":"","sticky":false,"template":"","format":"standard","meta":{"footnotes":""},"categories":[12],"tags":[11884,22,23,26,27,17,21,13248,24,25,28,29,15,16,18,34,31,33,32,30,19,20,408],"class_list":{"0":"post-128105","1":"post","2":"type-post","3":"status-publish","4":"format-standard","5":"has-post-thumbnail","7":"category-sverige","8":"tag-berlin","9":"tag-breaking-news","10":"tag-breakingnews","11":"tag-featured-news","12":"tag-featurednews","13":"tag-headlines","14":"tag-huvudnyheter","15":"tag-ingripandepolis","16":"tag-latest-news","17":"tag-latestnews","18":"tag-main-news","19":"tag-mainnews","20":"tag-news","21":"tag-nyheter","22":"tag-rubriker","23":"tag-se","24":"tag-svenska","25":"tag-sverige","26":"tag-sweden","27":"tag-swedish","28":"tag-top-stories","29":"tag-topstories","30":"tag-tyskland"},"share_on_mastodon":{"url":"https:\/\/pubeurope.com\/@se\/115853053425647369","error":""},"_links":{"self":[{"href":"https:\/\/www.europesays.com\/se\/wp-json\/wp\/v2\/posts\/128105","targetHints":{"allow":["GET"]}}],"collection":[{"href":"https:\/\/www.europesays.com\/se\/wp-json\/wp\/v2\/posts"}],"about":[{"href":"https:\/\/www.europesays.com\/se\/wp-json\/wp\/v2\/types\/post"}],"author":[{"embeddable":true,"href":"https:\/\/www.europesays.com\/se\/wp-json\/wp\/v2\/users\/2"}],"replies":[{"embeddable":true,"href":"https:\/\/www.europesays.com\/se\/wp-json\/wp\/v2\/comments?post=128105"}],"version-history":[{"count":0,"href":"https:\/\/www.europesays.com\/se\/wp-json\/wp\/v2\/posts\/128105\/revisions"}],"wp:featuredmedia":[{"embeddable":true,"href":"https:\/\/www.europesays.com\/se\/wp-json\/wp\/v2\/media\/128106"}],"wp:attachment":[{"href":"https:\/\/www.europesays.com\/se\/wp-json\/wp\/v2\/media?parent=128105"}],"wp:term":[{"taxonomy":"category","embeddable":true,"href":"https:\/\/www.europesays.com\/se\/wp-json\/wp\/v2\/categories?post=128105"},{"taxonomy":"post_tag","embeddable":true,"href":"https:\/\/www.europesays.com\/se\/wp-json\/wp\/v2\/tags?post=128105"}],"curies":[{"name":"wp","href":"https:\/\/api.w.org\/{rel}","templated":true}]}}