{"id":12811,"date":"2025-08-24T22:12:07","date_gmt":"2025-08-24T22:12:07","guid":{"rendered":"https:\/\/www.europesays.com\/se\/12811\/"},"modified":"2025-08-24T22:12:07","modified_gmt":"2025-08-24T22:12:07","slug":"domen-efter-larmet-om-vattenbrist-i-stockholm","status":"publish","type":"post","link":"https:\/\/www.europesays.com\/se\/12811\/","title":{"rendered":"Domen efter larmet om vattenbrist i Stockholm"},"content":{"rendered":"<p>Publicerad 24 aug 2025 kl 20.44<\/p>\n<p>Uppmaningen var tydlig: Spara p\u00e5 vattnet \u2013 det \u00e4r skarpt l\u00e4ge.<\/p>\n<p>Nu syns resultatet.<\/p>\n<p>\u2013 Vi \u00e4r j\u00e4ttetacksamma, s\u00e4ger Alexandra Ohlsson Fleetwood p\u00e5 Stockholm vatten och avfall.<\/p>\n<p>Samtidigt uppmanas gotl\u00e4nningarna att vara extra sparsamma efter l\u00f6rdagens omfattande str\u00f6mavbrott.\u00a0<\/p>\n<p>Senaste nyhetsklippen fr\u00e5n Expressen.<img   alt=\"\"\/><\/p>\n<p>Alexandra Ohlsson Fleetwood, pressansvarig p\u00e5 Stockholm vatten och avfall.<\/p>\n<p>Foto: VERONIKA LJUNG-NIELSEN<\/p>\n<p>\u00d6ppna bild i helsk\u00e4rm<img loading=\"lazy\"   alt=\"\"\/><\/p>\n<p>Lov\u00f6 vattenverk byggdes 1933 och \u00e4r ett av Stockholms tv\u00e5 vattenverk.<\/p>\n<p>Foto: Stockholm vatten och avfall<\/p>\n<p>\u00d6ppna bild i helsk\u00e4rm<img loading=\"lazy\"   alt=\"\"\/><\/p>\n<p>Uppmaningen var tydlig: Spara p\u00e5 vattnet \u2013 det \u00e4r skarpt l\u00e4ge.<\/p>\n<p>Foto: Lars Schr\u00f6der\/TT \/ TT NYHETSBYR\u00c5N<\/p>\n<p>\u00d6ppna bild i helsk\u00e4rm<\/p>\n<p>I mitten av augusti larmades inv\u00e5narna i <a href=\"https:\/\/www.expressen.se\/tagg\/location\/stockholm\/\" class=\"\" rel=\"nofollow noopener\" target=\"_blank\">Stockholm<\/a> och elva grannkommuner om problem med vattenf\u00f6rs\u00f6rjningen.\u00a0<\/p>\n<p>P\u00e5 grund av detta uppmanades folket att spara p\u00e5 vattnet genom att bland annat duscha kortare, inte fylla pooler och inte tv\u00e4tta bilen.\u00a0<\/p>\n<p>En uppmaning som bara g\u00e5tt ut en g\u00e5ng tidigare i omr\u00e5det \u2013\u00a0det rekordvarma och torra \u00e5ret 2018.<\/p>\n<p>Tydligt trendbrott<\/p>\n<p>En dryg vecka senare syns resultat \u2013 Stockholmarna f\u00f6rbrukar omkring 15 procent mindre vatten mot det normala den h\u00e4r tiden p\u00e5 \u00e5ret, enligt Stockholm vatten och avfall.<\/p>\n<p>\u2013 Stockholmarna har verkligen hj\u00e4lpt till, s\u00e4ger Alexandra Ohlsson Fleetwood, pressansvarig p\u00e5 Stockholm vatten och avfall.<\/p>\n<p>Exakt vad som kommuninv\u00e5narna sparat in p\u00e5 g\u00e5r inte att se i statistiken, men enligt Alexandra Ohlsson Fleetwood \u00e4r det f\u00f6rmodligen en kombination av flera saker.<\/p>\n<p>\u2013 Vi vet att det \u00e4r en h\u00f6g konsumtionsperiod den h\u00e4r veckan. M\u00e5nga kommer hem fr\u00e5n semester med resv\u00e4skor fulla med smutstv\u00e4tt, man kanske fyller poolen och b\u00f6rjar vattna blommorna i tr\u00e4dg\u00e5rden. Men i \u00e5r har man vidtagit olika \u00e5tg\u00e4rder f\u00f6r att inte sl\u00f6sa.<\/p>\n<p>Drar \u00e4nd\u00e5 inte tillbaka uppmaningen<\/p>\n<p>Att vattenf\u00f6rbrukningen g\u00e5tt ned har gjort att omr\u00e5det nu kunnat ta sig genom den s\u00e4rskilt utmanande veckan.\u00a0<\/p>\n<p>\u2013\u00a0Vi \u00e4r j\u00e4ttetacksamma att man har tagit det h\u00e4r till sig.\u00a0<\/p>\n<p>Trots detta kommer uppmaningen inte dras tillbaka \u2013\u00a0\u00e4n.<\/p>\n<p>\u2013 Det \u00e4r samma sak som fortsatt g\u00e4ller, man ska t\u00e4nka p\u00e5 hur man konsumerar vatten. Sen ska vi titta n\u00e4sta vecka p\u00e5 hur det ser ut, d\u00e5 f\u00e5r vi \u00e5terkomma.<\/p>\n<p>Bakgrunden till vattenuppmaningen \u00e4r att vattenverkens produktionskapacitet p\u00e5 sista tiden har g\u00e5tt ner, och att vattenverken inte hunnit med att rena vattnet i den hastighet som kr\u00e4vs. Att M\u00e4laren, d\u00e4r dricksvattnet h\u00e4mtas ifr\u00e5n, blivit extra varm i \u00e5r har spelat in och gjort det mer utmanande att rena.<\/p>\n<p>K\u00f6rigt p\u00e5 Gotland\u00a0<\/p>\n<p><a href=\"https:\/\/www.expressen.se\/nyheter\/sverige\/hela-gotland-stromlost-6nyhm\/\" rel=\"nofollow noopener\" target=\"_blank\">Ett omfattande str\u00f6mavbrott lamslog Gotland<\/a> i p\u00e5 l\u00f6rdagskv\u00e4llen.<\/p>\n<p>\u00d6n saknade el i flera timmar. Enligt elbolaget Geab l\u00e5g st\u00f6rningar i elkabeln till fastlandet bakom avbrottet.<\/p>\n<p>Det stora avbrottet medf\u00f6rde vattenst\u00f6rningar p\u00e5 \u00f6n, som redan tampas med historiskt l\u00e5ga vattenniv\u00e5erna.\u00a0<\/p>\n<p>\u201dVar mycket sparsamma med dricksvattnet\u201d, var beskedet fr\u00e5n Region Gotland l\u00f6rdag kv\u00e4ll.<\/p>\n<p><strong>L\u00c4S MER: <\/strong><a href=\"https:\/\/www.expressen.se\/nyheter\/sverige\/kan-bli-vanligare-med-vattenbrist-krav-pa-investeringar\/\" class=\"\" rel=\"nofollow noopener\" target=\"_blank\">Kan bli vanligare med vattenbrist \u2013 krav p\u00e5 investeringar<\/a><strong>L\u00c4S MER: <\/strong><a href=\"https:\/\/www.expressen.se\/nyheter\/sverige\/varnar-for-systemkollaps-efter-vattenbristen\/\" class=\"\" rel=\"nofollow noopener\" target=\"_blank\">Varnar f\u00f6r systemkollaps efter vattenbristen<\/a><strong>L\u00c4S MER: <\/strong><a href=\"https:\/\/www.expressen.se\/nyheter\/sverige\/forklaringen-bakom-larmet-om-vattenbrist-i-stockholm-\/\" class=\"\" rel=\"nofollow noopener\" target=\"_blank\">F\u00f6rklaringen bakom larmet om vattenbrist i Stockholm<\/a><strong>L\u00c4S MER: <\/strong><a href=\"https:\/\/www.expressen.se\/nyheter\/sverige\/akut-vattenbrist-i-stockholm-uppmaningen-till-stockholmarna\/\" class=\"\" rel=\"nofollow noopener\" target=\"_blank\">Akut vattenbrist i Stockholm \u2013 uppmaningen till stockholmarna<\/a><\/p>\n","protected":false},"excerpt":{"rendered":"Publicerad 24 aug 2025 kl 20.44 Uppmaningen var tydlig: Spara p\u00e5 vattnet \u2013 det \u00e4r skarpt l\u00e4ge. Nu&hellip;\n","protected":false},"author":2,"featured_media":12812,"comment_status":"","ping_status":"","sticky":false,"template":"","format":"standard","meta":{"footnotes":""},"categories":[12],"tags":[22,23,26,27,17,21,24,25,1365,135,28,29,15,16,18,34,154,31,33,32,30,19,1368,20],"class_list":{"0":"post-12811","1":"post","2":"type-post","3":"status-publish","4":"format-standard","5":"has-post-thumbnail","7":"category-sverige","8":"tag-breaking-news","9":"tag-breakingnews","10":"tag-featured-news","11":"tag-featurednews","12":"tag-headlines","13":"tag-huvudnyheter","14":"tag-latest-news","15":"tag-latestnews","16":"tag-location-malaren","17":"tag-location-stockholm","18":"tag-main-news","19":"tag-mainnews","20":"tag-news","21":"tag-nyheter","22":"tag-rubriker","23":"tag-se","24":"tag-sections-sverige","25":"tag-svenska","26":"tag-sverige","27":"tag-sweden","28":"tag-swedish","29":"tag-top-stories","30":"tag-topic-infrastruktur","31":"tag-topstories"},"share_on_mastodon":{"url":"","error":""},"_links":{"self":[{"href":"https:\/\/www.europesays.com\/se\/wp-json\/wp\/v2\/posts\/12811","targetHints":{"allow":["GET"]}}],"collection":[{"href":"https:\/\/www.europesays.com\/se\/wp-json\/wp\/v2\/posts"}],"about":[{"href":"https:\/\/www.europesays.com\/se\/wp-json\/wp\/v2\/types\/post"}],"author":[{"embeddable":true,"href":"https:\/\/www.europesays.com\/se\/wp-json\/wp\/v2\/users\/2"}],"replies":[{"embeddable":true,"href":"https:\/\/www.europesays.com\/se\/wp-json\/wp\/v2\/comments?post=12811"}],"version-history":[{"count":0,"href":"https:\/\/www.europesays.com\/se\/wp-json\/wp\/v2\/posts\/12811\/revisions"}],"wp:featuredmedia":[{"embeddable":true,"href":"https:\/\/www.europesays.com\/se\/wp-json\/wp\/v2\/media\/12812"}],"wp:attachment":[{"href":"https:\/\/www.europesays.com\/se\/wp-json\/wp\/v2\/media?parent=12811"}],"wp:term":[{"taxonomy":"category","embeddable":true,"href":"https:\/\/www.europesays.com\/se\/wp-json\/wp\/v2\/categories?post=12811"},{"taxonomy":"post_tag","embeddable":true,"href":"https:\/\/www.europesays.com\/se\/wp-json\/wp\/v2\/tags?post=12811"}],"curies":[{"name":"wp","href":"https:\/\/api.w.org\/{rel}","templated":true}]}}