{"id":128156,"date":"2026-01-07T10:02:07","date_gmt":"2026-01-07T10:02:07","guid":{"rendered":"https:\/\/www.europesays.com\/se\/128156\/"},"modified":"2026-01-07T10:02:07","modified_gmt":"2026-01-07T10:02:07","slug":"falska-stadare-lurade-kvinna-i-taby-pa-guld","status":"publish","type":"post","link":"https:\/\/www.europesays.com\/se\/128156\/","title":{"rendered":"Falska st\u00e4dare lurade kvinna i T\u00e4by p\u00e5 guld"},"content":{"rendered":"<p class=\"ort\">T\u00e4by<\/p>\n<p class=\"text\">I m\u00e5ndags den 5 januari vid 18-tiden p\u00e5 kv\u00e4llen blev en kvinna i 80-\u00e5rs\u00e5ldern bedragen av f\u00f6r henne ok\u00e4nda m\u00e4n p\u00e5 guld till ett uppskattat v\u00e4rde av 80 000. Det skriver polisen p\u00e5 sin hemsida.<\/p>\n<p>Sade att de kom fr\u00e5n st\u00e4dfirma <\/p>\n<p class=\"text\">M\u00e4nnen uppgav f\u00f6r kvinnan att de kom fr\u00e5n ett st\u00e4df\u00f6retag f\u00f6r att st\u00e4da hennes l\u00e4genhet i T\u00e4by. N\u00e5got som inte st\u00e4mde, enligt polisen.<\/p>\n<p class=\"text\">Ist\u00e4llet f\u00f6r att st\u00e4da lurade de kvinnan att l\u00e4mna \u00f6ver guldet till dem.<\/p>\n<p class=\"text\">&#8221;F\u00f6retaget de uppgav att de kom fr\u00e5n \u00e4r ett f\u00f6retag som ofta anlitas av \u00e4ldre personer.&#8221;, skriver polisen p\u00e5 sin hemsida. <\/p>\n<p>Grovt bedr\u00e4geri <\/p>\n<p class=\"text\">Polisen har uppr\u00e4ttat en anm\u00e4lan om grovt bedr\u00e4geri och har h\u00e5llit f\u00f6rh\u00f6r med den utsatta kvinnan. <\/p>\n<p class=\"text\">Ett liknande \u00e4rende skedde p\u00e5 S\u00f6dermalm tidigare under m\u00e5ndagen, i det fallet ska bedragarna ha kommit \u00f6ver guld till liknade v\u00e4rde. <\/p>\n<p class=\"faktarubrik\">Polisens tips \u2013 s\u00e5 skyddar du dig mot bedr\u00e4gerier<\/p>\n<p class=\"fakta\">L\u00e4gg p\u00e5 luren. Avsluta samtalet om du \u00e4r os\u00e4ker p\u00e5 vem det \u00e4r som ringer.<\/p>\n<p class=\"fakta\">Klicka inte p\u00e5 l\u00e4nkar. \u00d6ppna inte l\u00e4nkar i sms eller mejl som du inte litar p\u00e5. <\/p>\n<p class=\"fakta\">Sl\u00e4pp inte in ok\u00e4nda i ditt hem. St\u00e4ng d\u00f6rren om du tycker det verkar skumt och om du k\u00e4nner oro. <\/p>\n<p class=\"fakta\">L\u00e4mna inte ut n\u00e5got. Till exempel legitimation, bankkort, koder eller v\u00e4rdesaker.<\/p>\n<p class=\"fakta\">Kontakta polisen. Vid p\u00e5g\u00e5ende brott ring 112. Om brottet inte \u00e4r p\u00e5g\u00e5ende ska du ringa 114 14.<\/p>\n<p class=\"fakta\">Vill du f\u00e5 fler tips, bes\u00f6k <a target=\"_blank\" rel=\"noopener nofollow\" href=\"https:\/\/polisen.se\/utsatt-for-brott\/polisanmalan\/bedragerier\/bedragerier\/vaga-vara-otrevlig\/\">polisen hemsida.<\/a><\/p>\n<p class=\"faktakalla\">K\u00e4lla: polisen <\/p>\n","protected":false},"excerpt":{"rendered":"T\u00e4by I m\u00e5ndags den 5 januari vid 18-tiden p\u00e5 kv\u00e4llen blev en kvinna i 80-\u00e5rs\u00e5ldern bedragen av f\u00f6r&hellip;\n","protected":false},"author":2,"featured_media":128157,"comment_status":"","ping_status":"","sticky":false,"template":"","format":"standard","meta":{"footnotes":""},"categories":[5],"tags":[22,23,26,27,17,21,24,25,28,29,15,16,18,34,31,33,32,30,19,20],"class_list":{"0":"post-128156","1":"post","2":"type-post","3":"status-publish","4":"format-standard","5":"has-post-thumbnail","7":"category-rubriker","8":"tag-breaking-news","9":"tag-breakingnews","10":"tag-featured-news","11":"tag-featurednews","12":"tag-headlines","13":"tag-huvudnyheter","14":"tag-latest-news","15":"tag-latestnews","16":"tag-main-news","17":"tag-mainnews","18":"tag-news","19":"tag-nyheter","20":"tag-rubriker","21":"tag-se","22":"tag-svenska","23":"tag-sverige","24":"tag-sweden","25":"tag-swedish","26":"tag-top-stories","27":"tag-topstories"},"share_on_mastodon":{"url":"https:\/\/pubeurope.com\/@se\/115853245955699504","error":""},"_links":{"self":[{"href":"https:\/\/www.europesays.com\/se\/wp-json\/wp\/v2\/posts\/128156","targetHints":{"allow":["GET"]}}],"collection":[{"href":"https:\/\/www.europesays.com\/se\/wp-json\/wp\/v2\/posts"}],"about":[{"href":"https:\/\/www.europesays.com\/se\/wp-json\/wp\/v2\/types\/post"}],"author":[{"embeddable":true,"href":"https:\/\/www.europesays.com\/se\/wp-json\/wp\/v2\/users\/2"}],"replies":[{"embeddable":true,"href":"https:\/\/www.europesays.com\/se\/wp-json\/wp\/v2\/comments?post=128156"}],"version-history":[{"count":0,"href":"https:\/\/www.europesays.com\/se\/wp-json\/wp\/v2\/posts\/128156\/revisions"}],"wp:featuredmedia":[{"embeddable":true,"href":"https:\/\/www.europesays.com\/se\/wp-json\/wp\/v2\/media\/128157"}],"wp:attachment":[{"href":"https:\/\/www.europesays.com\/se\/wp-json\/wp\/v2\/media?parent=128156"}],"wp:term":[{"taxonomy":"category","embeddable":true,"href":"https:\/\/www.europesays.com\/se\/wp-json\/wp\/v2\/categories?post=128156"},{"taxonomy":"post_tag","embeddable":true,"href":"https:\/\/www.europesays.com\/se\/wp-json\/wp\/v2\/tags?post=128156"}],"curies":[{"name":"wp","href":"https:\/\/api.w.org\/{rel}","templated":true}]}}