{"id":128160,"date":"2026-01-07T10:05:17","date_gmt":"2026-01-07T10:05:17","guid":{"rendered":"https:\/\/www.europesays.com\/se\/128160\/"},"modified":"2026-01-07T10:05:17","modified_gmt":"2026-01-07T10:05:17","slug":"har-ar-bilderna-fran-stockholmspriset-2025","status":"publish","type":"post","link":"https:\/\/www.europesays.com\/se\/128160\/","title":{"rendered":"H\u00e4r \u00e4r bilderna fr\u00e5n Stockholmspriset 2025"},"content":{"rendered":"<p><strong>Se de f\u00e4rgsprakande bilderna fr\u00e5n N\u00f6jesguidens prisutdelning p\u00e5 Lydmar Hotel.<\/strong><\/p>\n<p><img decoding=\"async\" alt=\"\" src=\"https:\/\/www.europesays.com\/se\/wp-content\/uploads\/2026\/01\/entr.jpg\" style=\"width:1600px; height:1067px\"\/><br \/>De f\u00f6rsta g\u00e4sterna t\u00e4ltade utanf\u00f6r Lydmar i flera dagar.<\/p>\n<p><img decoding=\"async\" alt=\"\" src=\"https:\/\/www.europesays.com\/se\/wp-content\/uploads\/2026\/01\/lykh.jpg\" style=\"width:1600px; height:1067px\"\/><br \/><img decoding=\"async\" alt=\"\" src=\"https:\/\/www.europesays.com\/se\/wp-content\/uploads\/2026\/01\/bib.jpg\" style=\"width:1600px; height:1067px\"\/><br \/><img decoding=\"async\" alt=\"\" src=\"https:\/\/www.europesays.com\/se\/wp-content\/uploads\/2026\/01\/mansk.jpg\" style=\"width:1600px; height:1067px\"\/><br \/><img decoding=\"async\" alt=\"\" src=\"https:\/\/www.europesays.com\/se\/wp-content\/uploads\/2026\/01\/ash.jpg\" style=\"width:1600px; height:1067px\"\/><\/p>\n<p><img decoding=\"async\" alt=\"\" src=\"https:\/\/www.europesays.com\/se\/wp-content\/uploads\/2026\/01\/grej.jpg\" style=\"width:1600px; height:1067px\"\/><br \/>Mycket att greja med&#8230;<\/p>\n<p><img decoding=\"async\" alt=\"\" src=\"https:\/\/www.europesays.com\/se\/wp-content\/uploads\/2026\/01\/ella.jpg\" style=\"width:1600px; height:1067px\"\/><br \/>Ella L\u00f6fmark trivdes i rampljuset.<\/p>\n<p><img decoding=\"async\" alt=\"\" src=\"https:\/\/www.europesays.com\/se\/wp-content\/uploads\/2026\/01\/bario_0.jpg\" style=\"width:1600px; height:1067px\"\/><br \/>Stadshotellet plockade hem \u00c5rets bar.<\/p>\n<p><img decoding=\"async\" alt=\"\" src=\"https:\/\/www.europesays.com\/se\/wp-content\/uploads\/2026\/01\/lll2.jpg\" style=\"width:1600px; height:1067px\"\/><br \/>LLL valde inte fashion. Fashion valde LLL.<\/p>\n<p><img decoding=\"async\" alt=\"\" src=\"https:\/\/www.europesays.com\/se\/wp-content\/uploads\/2026\/01\/rummet.jpg\" style=\"width:1600px; height:1067px\"\/><br \/>&#8221;\u00c4ntligen!&#8221; hojtade Lykke Eder-Ekman, oavsett vinnare. I b\u00f6rjan var det kul. Sedan blev det tr\u00f6ttsamt. Sedan blev det kul igen. Gert Fylking hade roterat i sin grav om han var d\u00f6d.<\/p>\n<p><img decoding=\"async\" alt=\"\" src=\"https:\/\/www.europesays.com\/se\/wp-content\/uploads\/2026\/01\/hjart2.jpg\" style=\"width:1600px; height:1067px\"\/><br \/>Hj\u00e4rter Fem vann sitt f\u00f6rsta pris.<\/p>\n<p><img decoding=\"async\" alt=\"\" src=\"https:\/\/www.europesays.com\/se\/wp-content\/uploads\/2026\/01\/beau_0.jpg\" style=\"width:1600px; height:1067px\"\/><br \/>Beau Fucking Travail!<\/p>\n<p><img decoding=\"async\" alt=\"\" src=\"https:\/\/www.europesays.com\/se\/wp-content\/uploads\/2026\/01\/krog_0.jpg\" style=\"width:1600px; height:1067px\"\/><br \/>Gaijin sp\u00e4nner musklerna.<\/p>\n<p><img decoding=\"async\" alt=\"\" src=\"https:\/\/www.europesays.com\/se\/wp-content\/uploads\/2026\/01\/egg_0.jpg\" style=\"width:1600px; height:1067px\"\/><br \/>Egghead Republic vann \u00c5rets film\/tv.<\/p>\n<p><img decoding=\"async\" alt=\"\" src=\"https:\/\/www.europesays.com\/se\/wp-content\/uploads\/2026\/01\/civ2.jpg\" style=\"width:1600px; height:1067px\"\/><br \/>\u00c5terstoden av Civil Polis n\u00e4r det var dags f\u00f6r prisutdelning.<\/p>\n<p><img decoding=\"async\" alt=\"\" src=\"https:\/\/www.europesays.com\/se\/wp-content\/uploads\/2026\/01\/mlu.jpg\" style=\"width:1600px; height:1067px\"\/><br \/>Martin Luuk gjorde rent hus i litteraturkategorin.<\/p>\n<p><img decoding=\"async\" alt=\"\" src=\"https:\/\/www.europesays.com\/se\/wp-content\/uploads\/2026\/01\/kris.jpg\" style=\"width:1600px; height:1067px\"\/><br \/>Kristofer Andersson h\u00f6ll kv\u00e4llens kortaste tacktal. Det l\u00f6d: &#8221;Tack.&#8221;<\/p>\n<p><img decoding=\"async\" alt=\"\" src=\"https:\/\/www.europesays.com\/se\/wp-content\/uploads\/2026\/01\/spice.jpg\" style=\"width:1600px; height:1067px\"\/><br \/>Zacharias Zachrisson firade vilt n\u00e4r Spice 99 kammade hem \u00e5rets klubb.<br \/>\u00a0<img decoding=\"async\" alt=\"\" src=\"https:\/\/www.europesays.com\/se\/wp-content\/uploads\/2026\/01\/leather.jpg\" style=\"width:1600px; height:1067px\"\/><br \/>\u00c5rets n\u00f6jesf\u00f6rb\u00e4ttrare Scandinavian Leather Men var gladast av alla.<\/p>\n<p><img decoding=\"async\" alt=\"\" src=\"https:\/\/www.europesays.com\/se\/wp-content\/uploads\/2026\/01\/rekvi.jpg\" style=\"width:1600px; height:1067px\"\/><br \/>Elis Monteverde Burrau tappade masken.<\/p>\n<p><img decoding=\"async\" alt=\"\" src=\"https:\/\/www.europesays.com\/se\/wp-content\/uploads\/2026\/01\/1767780315_664_solveig.jpg\" style=\"width:960px; height:1200px\"\/><br \/>Solveig Balle-g\u00e4nget!<\/p>\n<p><img decoding=\"async\" alt=\"\" src=\"https:\/\/www.europesays.com\/se\/wp-content\/uploads\/2026\/01\/egg2.jpg\" style=\"width:1600px; height:1067px\"\/><br \/>Man kan inte g\u00f6ra film ensam.<\/p>\n<p><img decoding=\"async\" alt=\"\" src=\"https:\/\/www.europesays.com\/se\/wp-content\/uploads\/2026\/01\/lykv.jpg\" style=\"width:960px; height:1200px\"\/><br \/>Lykke Eder-Ekman, Clara Cronhielm och Tora Andersson.<\/p>\n<p><img decoding=\"async\" alt=\"\" src=\"https:\/\/www.europesays.com\/se\/wp-content\/uploads\/2026\/01\/orkid.jpg\" style=\"width:1600px; height:1067px\"\/><br \/>Orkid f\u00f6rgyllde efterfesten.<\/p>\n<p><img decoding=\"async\" alt=\"\" src=\"https:\/\/www.europesays.com\/se\/wp-content\/uploads\/2026\/01\/orkid2.jpg\" style=\"width:1600px; height:1067px\"\/><br \/>Bakom varje framg\u00e5ngsrik kvinna st\u00e5r en man med gitarr.<\/p>\n<p><img decoding=\"async\" alt=\"\" src=\"https:\/\/www.europesays.com\/se\/wp-content\/uploads\/2026\/01\/lll3.jpg\" style=\"width:1600px; height:1067px\"\/><br \/>LLL igen.<\/p>\n<p><img decoding=\"async\" alt=\"\" src=\"https:\/\/www.europesays.com\/se\/wp-content\/uploads\/2026\/01\/ex3.jpg\" style=\"width:1600px; height:1067px\"\/><br \/>Det \u00e4r utsidan som r\u00e4knas.<\/p>\n<p><img decoding=\"async\" alt=\"\" src=\"https:\/\/www.europesays.com\/se\/wp-content\/uploads\/2026\/01\/superdry.jpg\" style=\"width:1600px; height:1067px\"\/><br \/>Super &#8221;Dry&#8221;.<\/p>\n<p><img decoding=\"async\" alt=\"\" src=\"https:\/\/www.europesays.com\/se\/wp-content\/uploads\/2026\/01\/zyn.jpg\" style=\"width:1600px; height:1067px\"\/><br \/>\u00c4kta nikotinp\u00e5sar.<\/p>\n<p>L\u00e4s \u00e4ven: <a href=\"https:\/\/ng.se\/artiklar\/de-vann-stockholmspriset-2025\" target=\"_blank\" rel=\"nofollow noopener\">De vann Stockholmspriset 2025<\/a><\/p>\n","protected":false},"excerpt":{"rendered":"Se de f\u00e4rgsprakande bilderna fr\u00e5n N\u00f6jesguidens prisutdelning p\u00e5 Lydmar Hotel. De f\u00f6rsta g\u00e4sterna t\u00e4ltade utanf\u00f6r Lydmar i flera&hellip;\n","protected":false},"author":2,"featured_media":128161,"comment_status":"","ping_status":"","sticky":false,"template":"","format":"standard","meta":{"footnotes":""},"categories":[67],"tags":[1589,104,903,1083,1590,1591,902,1588,1082,1596,417,1592,172,1587,1593,34,1595,258,31,33,32,30,1594,105],"class_list":{"0":"post-128160","1":"post","2":"type-post","3":"status-publish","4":"format-standard","5":"has-post-thumbnail","7":"category-underhallning","8":"tag-dryck","9":"tag-entertainment","10":"tag-film","11":"tag-goteborg","12":"tag-klubb","13":"tag-konsert","14":"tag-konst","15":"tag-krog","16":"tag-litteratur","17":"tag-lund","18":"tag-malmo","19":"tag-mode","20":"tag-musik","21":"tag-nojesguiden","22":"tag-scen","23":"tag-se","24":"tag-spel","25":"tag-stockholm","26":"tag-svenska","27":"tag-sverige","28":"tag-sweden","29":"tag-swedish","30":"tag-tv","31":"tag-underhallning"},"share_on_mastodon":{"url":"https:\/\/pubeurope.com\/@se\/115853258060284055","error":""},"_links":{"self":[{"href":"https:\/\/www.europesays.com\/se\/wp-json\/wp\/v2\/posts\/128160","targetHints":{"allow":["GET"]}}],"collection":[{"href":"https:\/\/www.europesays.com\/se\/wp-json\/wp\/v2\/posts"}],"about":[{"href":"https:\/\/www.europesays.com\/se\/wp-json\/wp\/v2\/types\/post"}],"author":[{"embeddable":true,"href":"https:\/\/www.europesays.com\/se\/wp-json\/wp\/v2\/users\/2"}],"replies":[{"embeddable":true,"href":"https:\/\/www.europesays.com\/se\/wp-json\/wp\/v2\/comments?post=128160"}],"version-history":[{"count":0,"href":"https:\/\/www.europesays.com\/se\/wp-json\/wp\/v2\/posts\/128160\/revisions"}],"wp:featuredmedia":[{"embeddable":true,"href":"https:\/\/www.europesays.com\/se\/wp-json\/wp\/v2\/media\/128161"}],"wp:attachment":[{"href":"https:\/\/www.europesays.com\/se\/wp-json\/wp\/v2\/media?parent=128160"}],"wp:term":[{"taxonomy":"category","embeddable":true,"href":"https:\/\/www.europesays.com\/se\/wp-json\/wp\/v2\/categories?post=128160"},{"taxonomy":"post_tag","embeddable":true,"href":"https:\/\/www.europesays.com\/se\/wp-json\/wp\/v2\/tags?post=128160"}],"curies":[{"name":"wp","href":"https:\/\/api.w.org\/{rel}","templated":true}]}}