{"id":128171,"date":"2026-01-07T10:14:12","date_gmt":"2026-01-07T10:14:12","guid":{"rendered":"https:\/\/www.europesays.com\/se\/128171\/"},"modified":"2026-01-07T10:14:12","modified_gmt":"2026-01-07T10:14:12","slug":"ces-2026-jlab-lanserar-varldens-minsta-brusreducerande-horlurar","status":"publish","type":"post","link":"https:\/\/www.europesays.com\/se\/128171\/","title":{"rendered":"CES 2026: Jlab lanserar v\u00e4rldens minsta brusreducerande h\u00f6rlurar"},"content":{"rendered":"<p>Jbuds Mini ANC bygger p\u00e5 f\u00f6rra \u00e5rets Jbuds Mini men har f\u00e5tt aktiv brusreducering, bluetooth multipoint och uppgraderade mikrofoner. Fodralet \u00e4r 50 procent mindre \u00e4n tidigare, och sj\u00e4lva sn\u00e4ckorna 30 procent mindre j\u00e4mf\u00f6rt med JLab Go POP+.<\/p>\n<p>Trots formatet uppger JLab att speltiden ligger p\u00e5 6,5 timmar per laddning och totalt 24 timmar med fodralet. Modellen \u00e4r IP55-klassad mot damm och svett, och i Jlabs app kan anv\u00e4ndaren justera brusreducering, EQ och styrning.<\/p>\n<p>Lanseringen sker i mars, och priset v\u00e4ntas hamna runt 440 kronor.<\/p>\n","protected":false},"excerpt":{"rendered":"Jbuds Mini ANC bygger p\u00e5 f\u00f6rra \u00e5rets Jbuds Mini men har f\u00e5tt aktiv brusreducering, bluetooth multipoint och uppgraderade&hellip;\n","protected":false},"author":2,"featured_media":128172,"comment_status":"","ping_status":"","sticky":false,"template":"","format":"standard","meta":{"footnotes":""},"categories":[66],"tags":[80,78,79,34,31,33,32,30,81,84,83,82],"class_list":{"0":"post-128171","1":"post","2":"type-post","3":"status-publish","4":"format-standard","5":"has-post-thumbnail","7":"category-vetenskap-och-teknik","8":"tag-science","9":"tag-science-and-technology","10":"tag-scienceandtechnology","11":"tag-se","12":"tag-svenska","13":"tag-sverige","14":"tag-sweden","15":"tag-swedish","16":"tag-technology","17":"tag-teknik","18":"tag-vetenskap","19":"tag-vetenskapteknik"},"share_on_mastodon":{"url":"https:\/\/pubeurope.com\/@se\/115853293216929245","error":""},"_links":{"self":[{"href":"https:\/\/www.europesays.com\/se\/wp-json\/wp\/v2\/posts\/128171","targetHints":{"allow":["GET"]}}],"collection":[{"href":"https:\/\/www.europesays.com\/se\/wp-json\/wp\/v2\/posts"}],"about":[{"href":"https:\/\/www.europesays.com\/se\/wp-json\/wp\/v2\/types\/post"}],"author":[{"embeddable":true,"href":"https:\/\/www.europesays.com\/se\/wp-json\/wp\/v2\/users\/2"}],"replies":[{"embeddable":true,"href":"https:\/\/www.europesays.com\/se\/wp-json\/wp\/v2\/comments?post=128171"}],"version-history":[{"count":0,"href":"https:\/\/www.europesays.com\/se\/wp-json\/wp\/v2\/posts\/128171\/revisions"}],"wp:featuredmedia":[{"embeddable":true,"href":"https:\/\/www.europesays.com\/se\/wp-json\/wp\/v2\/media\/128172"}],"wp:attachment":[{"href":"https:\/\/www.europesays.com\/se\/wp-json\/wp\/v2\/media?parent=128171"}],"wp:term":[{"taxonomy":"category","embeddable":true,"href":"https:\/\/www.europesays.com\/se\/wp-json\/wp\/v2\/categories?post=128171"},{"taxonomy":"post_tag","embeddable":true,"href":"https:\/\/www.europesays.com\/se\/wp-json\/wp\/v2\/tags?post=128171"}],"curies":[{"name":"wp","href":"https:\/\/api.w.org\/{rel}","templated":true}]}}