{"id":128174,"date":"2026-01-07T10:16:08","date_gmt":"2026-01-07T10:16:08","guid":{"rendered":"https:\/\/www.europesays.com\/se\/128174\/"},"modified":"2026-01-07T10:16:08","modified_gmt":"2026-01-07T10:16:08","slug":"linus-de-faire-tilldelas-arets-migrantpris-for-sveasagorna","status":"publish","type":"post","link":"https:\/\/www.europesays.com\/se\/128174\/","title":{"rendered":"Linus de Faire tilldelas \u00c5rets Migrantpris f\u00f6r Sveasagorna"},"content":{"rendered":"<p><strong>Albert Bonniers F\u00f6rlag<\/strong>, 2026-01-07<\/p>\n<p>Linus de Faire \u00e4r \u00e5rets mottagare av <a href=\"https:\/\/smalit.se\/smalits-migrantpris\/\" rel=\"nofollow noopener\" target=\"_blank\">Sm\u00e5Lits Migrantpris<\/a>. Han tilldelas priset f\u00f6r romanen <a href=\"https:\/\/www.albertbonniersforlag.se\/bocker\/295561\/sveasagorna\/\" rel=\"nofollow noopener\" target=\"_blank\">Sveasagorna<\/a>, som skildrar de tusentals svenskar som i b\u00f6rjan av 1900-talet emigrerade till Brasilien \u2013 ett \u00f6de som f\u00f6r m\u00e5nga fick katastrofala konsekvenser. Migrantpriset best\u00e5r av 50 000 kronor samt konstverket Granat\u00e4pplet av Nadja Maununen. Prisutdelningen \u00e4ger rum under litteraturfestivalen Sm\u00e5Lit i J\u00f6nk\u00f6ping den 31 januari.<\/p>\n<p><a href=\"https:\/\/smalit.se\/smalits-migrantpris\/\" rel=\"nofollow noopener\" target=\"_blank\">L\u00e4s mer om priset<\/a><\/p>\n<p><a href=\"https:\/\/www.albertbonniersforlag.se\/bocker\/295561\/sveasagorna\/\" rel=\"nofollow noopener\" target=\"_blank\"><img fetchpriority=\"high\" decoding=\"async\" class=\"alignleft wp-image-6672 size-medium\" src=\"https:\/\/www.europesays.com\/se\/wp-content\/uploads\/2026\/01\/sveasagorna-190x300.jpg\" alt=\"\" width=\"190\" height=\"300\"  \/><\/a>I juryns motivering lyfts romanens episka omf\u00e5ng och historiska kraft:<\/p>\n<p>\u201dLinus de Faire levandeg\u00f6r de tusentals svenskar som i b\u00f6rjan p\u00e5 1900-talet l\u00e4mnade hemlandet f\u00f6r en ny tillvaro i framtidslandet Brasilien, ett beslut som fick katastrofala konsekvenser f\u00f6r m\u00e5nga av dem. Med stilistisk sp\u00e4nst dokumenterar de Faire flera generationers migrationserfarenhet. Det \u00e4r en myllrande episk roman, helt i Vilhelm Mobergs anda, och ett storslaget \u00e4ventyr.\u201d<\/p>\n<p>Om arbetet med romanen<\/p>\n<p>Arbetet med <a href=\"https:\/\/www.albertbonniersforlag.se\/bocker\/295561\/sveasagorna\/\" rel=\"nofollow noopener\" target=\"_blank\">Sveasagorna<\/a> tog flera \u00e5r och kr\u00e4vde omfattande research. I en intervju med J\u00f6nk\u00f6pings-Posten ber\u00e4ttar Linus de Faire att han tagit del av vittnesskildringar, b\u00f6cker p\u00e5 b\u00e5de svenska och spanska samt arkivmaterial som brev och tidningsartiklar. Han har \u00e4ven bes\u00f6kt platserna dit svenskarna emigrerade och intervjuat svensk\u00e4ttlingar p\u00e5 plats.<\/p>\n<p>Trots att romanen till stora delar utspelar sig i historisk tid menar de Faire att ber\u00e4ttelsen b\u00e4r ett h\u00f6gst samtida budskap.<\/p>\n<p><a href=\"https:\/\/www.albertbonniersforlag.se\/forfattare\/44975\/linus-de-faire\/\" rel=\"nofollow noopener\" target=\"_blank\"><img loading=\"lazy\" decoding=\"async\" aria-describedby=\"caption-attachment-6673\" class=\"wp-image-6673 size-medium\" src=\"https:\/\/www.europesays.com\/se\/wp-content\/uploads\/2026\/01\/linus-defaire-409308g-223x300.jpg\" alt=\"\" width=\"223\" height=\"300\"  \/><\/a><\/p>\n<p id=\"caption-attachment-6673\" class=\"wp-caption-text\">Foto: Daniel Wester<\/p>\n<p>\u2013 N\u00e4r invandrare kommer till Sverige ses det som n\u00e5got d\u00e5ligt om man b\u00e5de \u00e4r svensk och irakier. Men svenskar beh\u00e5ller ocks\u00e5 sina traditioner utomlands \u2013 och det \u00e4r en styrka, s\u00e4ger Linus i en intervju.<\/p>\n<p><a href=\"https:\/\/www.jp.se\/2026-01-07\/linus-de-faire-om-svenskarna-som-utvandrade-till-sydamerika-nastan-bortglomda\/\" rel=\"nofollow noopener\" target=\"_blank\">L\u00e4s hela intervjun<\/a><\/p>\n<p>Om Sveasagorna<\/p>\n<p>Vintern 1909, efter den f\u00f6rlamande storstrejken, emigrerar de tio\u00e5riga tvillingarna Lovisa och Artur med sin familj fr\u00e5n Kiruna. L\u00f6ftet fr\u00e5n den brasilianska staten \u00e4r femtio hektar b\u00f6rdig jord, evig sommar och frihet. V\u00e4l framme v\u00e4ntar en regnskog som \u00e4r utan n\u00e5d.<\/p>\n<p>I Misiones djungler i Argentina p\u00e5 andra sidan Uruguayfloden grundar svenska pionj\u00e4rer Villa Svea. Hit, till svenskbyn som blivit stad, flyr 1975 den unga Graciela med sin lille son Rodolfo i en rostig bil, undan paramilit\u00e4ra gruppers utrensning av oppositionella i Buenos Aires. Men n\u00e4r juntan tar \u00f6ver finns snart angivarna \u00f6verallt.<\/p>\n<p><a href=\"https:\/\/www.albertbonniersforlag.se\/bocker\/295561\/sveasagorna\/\" rel=\"nofollow noopener\" target=\"_blank\">Sveasagorna<\/a> \u00e4r en episk roman om en norrbottnisk familj som liksom tusentals andra lockades att emigrera till Brasilien. I en vindlande ber\u00e4ttelse som str\u00e4cker sig fr\u00e5n b\u00f6rjan av f\u00f6rra seklet fram till v\u00e5ra dagar f\u00f6ljer vi deras kamp f\u00f6r \u00f6verlevnad genom fem generationer. En storslagen och skr\u00e4mmande roman om s\u00f6kandet efter ett b\u00e4ttre liv \u2013 och ibland bara efter ett liv.<\/p>\n<p>Om Linus de Faire<\/p>\n<p>Linus de Faire \u00e4r f\u00f6dd 1977 och bosatt i Malm\u00f6. Han debuterade 2017 med <a href=\"https:\/\/www.albertbonniersforlag.se\/bocker\/205387\/boken-om-yousef\/\" rel=\"nofollow noopener\" target=\"_blank\">Boken om Yousef,<\/a> som bel\u00f6nades med Katapultpriset. \u00c5r 2021 utkom hans andra roman <a href=\"https:\/\/www.albertbonniersforlag.se\/bocker\/269571\/soledad-penas-melodram\/\" rel=\"nofollow noopener\" target=\"_blank\">Soledad Pe\u00f1as melodram<\/a>.<\/p>\n<p>Om Sm\u00e5Lits Migrantpris<\/p>\n<p>Migrantpriset best\u00e5r av 50 000 kronor samt konstverket Granat\u00e4pplet av Nadja Maununen. Efter prisutdelningen f\u00f6ljer ett f\u00f6rdjupande scensamtal mellan Linus de Faire och kritikern Bj\u00f6rn Kohlstr\u00f6m, jurymedlem.<\/p>\n","protected":false},"excerpt":{"rendered":"Albert Bonniers F\u00f6rlag, 2026-01-07 Linus de Faire \u00e4r \u00e5rets mottagare av Sm\u00e5Lits Migrantpris. Han tilldelas priset f\u00f6r romanen&hellip;\n","protected":false},"author":2,"featured_media":128175,"comment_status":"","ping_status":"","sticky":false,"template":"","format":"standard","meta":{"footnotes":""},"categories":[14],"tags":[22,23,26,27,17,21,24,25,28,29,15,16,18,34,31,33,32,30,19,20,51,52,53,54],"class_list":{"0":"post-128174","1":"post","2":"type-post","3":"status-publish","4":"format-standard","5":"has-post-thumbnail","7":"category-varlden","8":"tag-breaking-news","9":"tag-breakingnews","10":"tag-featured-news","11":"tag-featurednews","12":"tag-headlines","13":"tag-huvudnyheter","14":"tag-latest-news","15":"tag-latestnews","16":"tag-main-news","17":"tag-mainnews","18":"tag-news","19":"tag-nyheter","20":"tag-rubriker","21":"tag-se","22":"tag-svenska","23":"tag-sverige","24":"tag-sweden","25":"tag-swedish","26":"tag-top-stories","27":"tag-topstories","28":"tag-varlden","29":"tag-world","30":"tag-world-news","31":"tag-worldnews"},"share_on_mastodon":{"url":"https:\/\/pubeurope.com\/@se\/115853301134172722","error":""},"_links":{"self":[{"href":"https:\/\/www.europesays.com\/se\/wp-json\/wp\/v2\/posts\/128174","targetHints":{"allow":["GET"]}}],"collection":[{"href":"https:\/\/www.europesays.com\/se\/wp-json\/wp\/v2\/posts"}],"about":[{"href":"https:\/\/www.europesays.com\/se\/wp-json\/wp\/v2\/types\/post"}],"author":[{"embeddable":true,"href":"https:\/\/www.europesays.com\/se\/wp-json\/wp\/v2\/users\/2"}],"replies":[{"embeddable":true,"href":"https:\/\/www.europesays.com\/se\/wp-json\/wp\/v2\/comments?post=128174"}],"version-history":[{"count":0,"href":"https:\/\/www.europesays.com\/se\/wp-json\/wp\/v2\/posts\/128174\/revisions"}],"wp:featuredmedia":[{"embeddable":true,"href":"https:\/\/www.europesays.com\/se\/wp-json\/wp\/v2\/media\/128175"}],"wp:attachment":[{"href":"https:\/\/www.europesays.com\/se\/wp-json\/wp\/v2\/media?parent=128174"}],"wp:term":[{"taxonomy":"category","embeddable":true,"href":"https:\/\/www.europesays.com\/se\/wp-json\/wp\/v2\/categories?post=128174"},{"taxonomy":"post_tag","embeddable":true,"href":"https:\/\/www.europesays.com\/se\/wp-json\/wp\/v2\/tags?post=128174"}],"curies":[{"name":"wp","href":"https:\/\/api.w.org\/{rel}","templated":true}]}}