{"id":128177,"date":"2026-01-07T10:18:23","date_gmt":"2026-01-07T10:18:23","guid":{"rendered":"https:\/\/www.europesays.com\/se\/128177\/"},"modified":"2026-01-07T10:18:23","modified_gmt":"2026-01-07T10:18:23","slug":"var-tredje-svensk-tror-att-de-skulle-klara-sig-battre-an-andra-i-en-kris-2","status":"publish","type":"post","link":"https:\/\/www.europesays.com\/se\/128177\/","title":{"rendered":"Var tredje svensk tror att de skulle klara sig b\u00e4ttre \u00e4n andra i en kris"},"content":{"rendered":"<p><strong><\/p>\n<p><strong>M\u00e5nga tror att de skulle klara sig b\u00e4ttre \u00e4n genomsnittet i en kris. Det visar \u00e5rets upplaga av rapporten \u201dFinansiell krisberedskap \u2013 allm\u00e4nhetens syn\u201d, som Sparbankernas Riksf\u00f6rbund nu publicerar. Men bakom sj\u00e4lvf\u00f6rtroendet d\u00f6ljer sig ett mer s\u00e5rbart l\u00e4ge \u2013 \u00f6ver h\u00e4lften av svenskarna saknar kontanter hemma som del av sin krisberedskap och m\u00e5nga saknar kunskap kring finansiell krisberedskap \u00f6verlag.\u00a0\u00a0<\/strong><\/p>\n<p><\/strong><\/p>\n<p>Rapporten bygger p\u00e5 en riksrepresentativ unders\u00f6kning fr\u00e5n Verian och visar att m\u00e5nga (41 procent) tror att Sverige kommer att befinna sig i en allvarlig kris- eller krigssituation inom de n\u00e4rmaste \u00e5ren. Tron p\u00e5 den egna beredskapen och f\u00f6rm\u00e5gan i s\u00e5dana situationer \u00e4r h\u00f6g. Mer \u00e4n var tredje svensk (35 procent) tror att de skulle klara sig b\u00e4ttre \u00e4n genomsnittet vid en allvarlig kris samtidigt som n\u00e4ra h\u00e4lften (44 procent) inte har gjort n\u00e5gra f\u00f6rberedelser \u00f6verhuvudtaget.\u00a0<\/p>\n<p>\u2013 M\u00e5nga verkar k\u00e4nna en stark tilltro till sin egen f\u00f6rm\u00e5ga i en potentiell kris. I rapporten ser vi ocks\u00e5 att m\u00e4n sticker ut och har st\u00f6rre tro p\u00e5 sin beredskap \u00e4n kvinnor. \u00c4ven om m\u00e5nga \u00e4r of\u00f6rberedda finns det viss grundberedskap i svenska hem, s\u00e4rskilt vad g\u00e4ller ficklampor, f\u00f6rsta hj\u00e4lpen och mat och vatten f\u00f6r n\u00e5gra dagar. Men n\u00e4r det kommer till den finansiella beredskapen \u00e4r vi betydligt s\u00e4mre rustade i hush\u00e5llen, s\u00e4ger Bj\u00f6rn Elfstrand, vd f\u00f6r Sparbankernas Riksf\u00f6rbund.\u00a0<\/p>\n<p>Samtidigt upplever m\u00e5nga att kunskapen om finansiell krisberedskap \u00e4r l\u00e5g. Drygt fyra av tio (44 procent) menar att det beh\u00f6vs mer information om hur man f\u00f6rbereder sig ekonomiskt inf\u00f6r en kris- eller krigssituation. Det speglas ocks\u00e5 i hush\u00e5llens faktiska beredskap: \u00e4ven om m\u00e5nga har grundl\u00e4ggande f\u00f6rn\u00f6denheter hemma \u00e4r den finansiella beredskapen betydligt svagare. Endast 45 procent av svenskarna har kontanter som en del av sin beredskap, och bland dem som har en reserv \u00e4r det bara 23 procent som har mer \u00e4n 2 000 kronor \u2013 en minskning med 18 procentenheter p\u00e5 tv\u00e5 \u00e5r.\u00a0\u00a0<\/p>\n<p>\u2013 Finansiell krisberedskap handlar om mer \u00e4n kontanter \u2013 det handlar om ekonomiska marginaler och en plan f\u00f6r det of\u00f6rutsedda. Idag ser vi ett glapp mellan m\u00e4nniskors upplevda trygghet och deras faktiska f\u00f6rberedelser. Samtidigt \u00e4r de strukturella f\u00f6ruts\u00e4ttningarna viktiga och avsaknaden av fysisk finansiell infrastruktur i form av bankkontor kan f\u00e5 betydelse f\u00f6r b\u00e5de hush\u00e5llens trygghet och samh\u00e4llets samlade krisberedskap. H\u00e4r finns ett gemensamt ansvar f\u00f6r banker och myndigheter att bidra med f\u00f6ruts\u00e4ttningar, kunskap och v\u00e4gledning, s\u00e4ger Bj\u00f6rn Elfstrand.<br \/>\u00a0<br \/>Antalet bankkontor p\u00e5 den svenska marknaden har minskat kraftigt de senaste tv\u00e5 decennierna fr\u00e5n n\u00e4ra 1 900 i b\u00f6rjan av 2000-talet till cirka 940 \u00e5r 2023. Samma \u00e5r saknade 38 kommuner helt ett fysiskt bankkontor. Sparbankerna fyller en central roll med omkring 190 kontor runtom i landet, och i \u00f6ver 40 kommuner \u00e4r Sparbanken den enda banken med fysisk n\u00e4rvaro. Denna n\u00e4rhet och personliga kundrelationer, i kombination med digitala tj\u00e4nster, \u00e4r en styrka f\u00f6r den finansiella krisberedskapen.\u00a0\u00a0<\/p>\n<p><strong>Fler nyckelinsikter fr\u00e5n rapporten om finansiell krisberedskap\u00a0\u00a0<\/strong><\/p>\n<ul>\n<li>Mer \u00e4n var tredje tror att de skulle klara sig b\u00e4ttre \u00e4n genomsnittet vid en krissituation. Bland dem som tror att de skulle klara sig mycket b\u00e4ttre (7 procent) sticker m\u00e4nnen ut \u2013 10 procent av m\u00e4nnen uppger detta, j\u00e4mf\u00f6rt med 4 procent av kvinnorna.\u00a0<\/li>\n<li>Nio av tio s\u00e4ger att de har n\u00e5gon form av krisberedskap hemma \u2013 men samtidigt har mer \u00e4n h\u00e4lften av svenskarna (55 procent) inga kontanter hemma som del av beredskapen.\u00a0\u00a0\u00a0<\/li>\n<li>Vid en st\u00f6rning i betalningssystemen uppger var fj\u00e4rde svensk (24 procent) att de snabbt skulle f\u00e5 ekonomiska problem.\u00a0<\/li>\n<li>Endast var tredje k\u00e4nner sig trygg med att bankerna \u00e4r f\u00f6rberedda f\u00f6r en kris.\u00a0\u00a0\u00a0<\/li>\n<\/ul>\n<p><strong>Om rapporten<\/strong><br \/>Rapporten Finansiell krisberedskap \u2013 allm\u00e4nhetens syn \u00e4r gjord av unders\u00f6kningsf\u00f6retaget Verian p\u00e5 uppdrag av Sparbankernas Riksf\u00f6rbund. Rapporten genomf\u00f6rdes f\u00f6r tredje g\u00e5ngen under perioden 14 &#8211; 19 november 2025. Rapporten bygger p\u00e5 en riksrepresentativ unders\u00f6kning i Sifo-panelen och totalt gjordes 1010 intervjuer med respondenter i \u00e5ldern 18\u201384 \u00e5r. Hela rapporten finns att l\u00e4sa h\u00e4r.\u00a0\u00a0<\/p>\n","protected":false},"excerpt":{"rendered":"M\u00e5nga tror att de skulle klara sig b\u00e4ttre \u00e4n genomsnittet i en kris. Det visar \u00e5rets upplaga av&hellip;\n","protected":false},"author":2,"featured_media":128178,"comment_status":"","ping_status":"","sticky":false,"template":"","format":"standard","meta":{"footnotes":""},"categories":[5],"tags":[22,23,26,27,17,21,24,25,28,29,15,16,18,34,31,33,32,30,19,20],"class_list":{"0":"post-128177","1":"post","2":"type-post","3":"status-publish","4":"format-standard","5":"has-post-thumbnail","7":"category-rubriker","8":"tag-breaking-news","9":"tag-breakingnews","10":"tag-featured-news","11":"tag-featurednews","12":"tag-headlines","13":"tag-huvudnyheter","14":"tag-latest-news","15":"tag-latestnews","16":"tag-main-news","17":"tag-mainnews","18":"tag-news","19":"tag-nyheter","20":"tag-rubriker","21":"tag-se","22":"tag-svenska","23":"tag-sverige","24":"tag-sweden","25":"tag-swedish","26":"tag-top-stories","27":"tag-topstories"},"share_on_mastodon":{"url":"https:\/\/pubeurope.com\/@se\/115853308885636268","error":""},"_links":{"self":[{"href":"https:\/\/www.europesays.com\/se\/wp-json\/wp\/v2\/posts\/128177","targetHints":{"allow":["GET"]}}],"collection":[{"href":"https:\/\/www.europesays.com\/se\/wp-json\/wp\/v2\/posts"}],"about":[{"href":"https:\/\/www.europesays.com\/se\/wp-json\/wp\/v2\/types\/post"}],"author":[{"embeddable":true,"href":"https:\/\/www.europesays.com\/se\/wp-json\/wp\/v2\/users\/2"}],"replies":[{"embeddable":true,"href":"https:\/\/www.europesays.com\/se\/wp-json\/wp\/v2\/comments?post=128177"}],"version-history":[{"count":0,"href":"https:\/\/www.europesays.com\/se\/wp-json\/wp\/v2\/posts\/128177\/revisions"}],"wp:featuredmedia":[{"embeddable":true,"href":"https:\/\/www.europesays.com\/se\/wp-json\/wp\/v2\/media\/128178"}],"wp:attachment":[{"href":"https:\/\/www.europesays.com\/se\/wp-json\/wp\/v2\/media?parent=128177"}],"wp:term":[{"taxonomy":"category","embeddable":true,"href":"https:\/\/www.europesays.com\/se\/wp-json\/wp\/v2\/categories?post=128177"},{"taxonomy":"post_tag","embeddable":true,"href":"https:\/\/www.europesays.com\/se\/wp-json\/wp\/v2\/tags?post=128177"}],"curies":[{"name":"wp","href":"https:\/\/api.w.org\/{rel}","templated":true}]}}