{"id":128187,"date":"2026-01-07T10:26:20","date_gmt":"2026-01-07T10:26:20","guid":{"rendered":"https:\/\/www.europesays.com\/se\/128187\/"},"modified":"2026-01-07T10:26:20","modified_gmt":"2026-01-07T10:26:20","slug":"targas-mot-demonstranter-nara-sjukhus","status":"publish","type":"post","link":"https:\/\/www.europesays.com\/se\/128187\/","title":{"rendered":"T\u00e5rgas mot demonstranter n\u00e4ra sjukhus"},"content":{"rendered":"<p>Irans s\u00e4kerhetsstyrkor har flera g\u00e5nger anv\u00e4nt t\u00e5rgas f\u00f6r att skingra demonstranter under de p\u00e5g\u00e5ende protesterna, som bottnar i ekonomiskt missn\u00f6je och som stadigt v\u00e4xer i omf\u00e5ng.<\/p>\n<p>I det h\u00e4r fallet anv\u00e4ndes \u201dt\u00e5rgas i gr\u00e4nden intill Sinasjukhuset\u201d i centrala Teheran, enligt ett uttalande fr\u00e5n huvudstadens mest prestigefyllda medicinska universitet Tums som \u00e4r anslutet till sjukhuset ifr\u00e5ga, rapporterar den regimtrogna nyhetsbyr\u00e5n Isna.<\/p>\n","protected":false},"excerpt":{"rendered":"Irans s\u00e4kerhetsstyrkor har flera g\u00e5nger anv\u00e4nt t\u00e5rgas f\u00f6r att skingra demonstranter under de p\u00e5g\u00e5ende protesterna, som bottnar i&hellip;\n","protected":false},"author":2,"featured_media":128188,"comment_status":"","ping_status":"","sticky":false,"template":"","format":"standard","meta":{"footnotes":""},"categories":[5],"tags":[22,23,26,27,17,21,24,25,28,29,15,16,18,34,31,33,32,30,19,20],"class_list":{"0":"post-128187","1":"post","2":"type-post","3":"status-publish","4":"format-standard","5":"has-post-thumbnail","7":"category-rubriker","8":"tag-breaking-news","9":"tag-breakingnews","10":"tag-featured-news","11":"tag-featurednews","12":"tag-headlines","13":"tag-huvudnyheter","14":"tag-latest-news","15":"tag-latestnews","16":"tag-main-news","17":"tag-mainnews","18":"tag-news","19":"tag-nyheter","20":"tag-rubriker","21":"tag-se","22":"tag-svenska","23":"tag-sverige","24":"tag-sweden","25":"tag-swedish","26":"tag-top-stories","27":"tag-topstories"},"share_on_mastodon":{"url":"https:\/\/pubeurope.com\/@se\/115853340371573190","error":""},"_links":{"self":[{"href":"https:\/\/www.europesays.com\/se\/wp-json\/wp\/v2\/posts\/128187","targetHints":{"allow":["GET"]}}],"collection":[{"href":"https:\/\/www.europesays.com\/se\/wp-json\/wp\/v2\/posts"}],"about":[{"href":"https:\/\/www.europesays.com\/se\/wp-json\/wp\/v2\/types\/post"}],"author":[{"embeddable":true,"href":"https:\/\/www.europesays.com\/se\/wp-json\/wp\/v2\/users\/2"}],"replies":[{"embeddable":true,"href":"https:\/\/www.europesays.com\/se\/wp-json\/wp\/v2\/comments?post=128187"}],"version-history":[{"count":0,"href":"https:\/\/www.europesays.com\/se\/wp-json\/wp\/v2\/posts\/128187\/revisions"}],"wp:featuredmedia":[{"embeddable":true,"href":"https:\/\/www.europesays.com\/se\/wp-json\/wp\/v2\/media\/128188"}],"wp:attachment":[{"href":"https:\/\/www.europesays.com\/se\/wp-json\/wp\/v2\/media?parent=128187"}],"wp:term":[{"taxonomy":"category","embeddable":true,"href":"https:\/\/www.europesays.com\/se\/wp-json\/wp\/v2\/categories?post=128187"},{"taxonomy":"post_tag","embeddable":true,"href":"https:\/\/www.europesays.com\/se\/wp-json\/wp\/v2\/tags?post=128187"}],"curies":[{"name":"wp","href":"https:\/\/api.w.org\/{rel}","templated":true}]}}