{"id":128206,"date":"2026-01-07T10:38:27","date_gmt":"2026-01-07T10:38:27","guid":{"rendered":"https:\/\/www.europesays.com\/se\/128206\/"},"modified":"2026-01-07T10:38:27","modified_gmt":"2026-01-07T10:38:27","slug":"rykte-nvidia-kommer-aterintroducera-rtx-3060","status":"publish","type":"post","link":"https:\/\/www.europesays.com\/se\/128206\/","title":{"rendered":"Rykte: Nvidia kommer \u00e5terintroducera RTX 3060"},"content":{"rendered":"<p>Det verkar som att <a href=\"https:\/\/www.pcforalla.se\/article\/2988615\/ram-priserna-rusar-butiker-saljer-till-dagspris-som-ravaror.html\" rel=\"nofollow noopener\" target=\"_blank\">AI-f\u00f6retagens enorma efterfr\u00e5gan<\/a> p\u00e5 nyare minne, b\u00e5de ram och dram, har f\u00e5tt gammal pc-h\u00e5rdvara att bli ny igen f\u00f6r oss konsumenter. <a href=\"https:\/\/idg.digidip.net\/visit?url=https:\/\/wccftech.com\/nvidia-to-bring-back-geforce-rtx-3060-q1-2026-tackle-memory-shortages\/&amp;currurl=https:\/\/www.pcforalla.se\/article\/3023255\/rykte-nvidia-kommer-aterintroducera-rtx-3060.html&amp;ref=8-1-3023255-1-0-0-0-0\" target=\"_blank\" rel=\"nofollow noopener\" data-subtag=\"8-1-3023255-1-0-0-0-0\" data-domain-name=\"wccftech\">WccfTech rapporterar<\/a> n\u00e4mligen att det ryktas att Nvidia kommer att nylansera det \u00e4ldre grafikkortet <a href=\"https:\/\/www.pcforalla.se\/article\/1706319\/gigabyte-rtx-3060.html\" rel=\"nofollow noopener\" target=\"_blank\">RTX 3060<\/a>.<\/p>\n<p><strong>L\u00e4s \u00e4ven:\u00a0<a href=\"https:\/\/www.pcforalla.se\/article\/3014279\/nvidia-ryktas-dra-ned-produktionen-av-grafikkort.html\" rel=\"nofollow noopener\" target=\"_blank\">Nvidia ryktas dra ned produktionen av grafikkort<\/a><\/strong><\/p>\n<blockquote class=\"twitter-tweet\" data-width=\"500\" data-dnt=\"true\">\n<p lang=\"en\" dir=\"ltr\">01.05update<br \/>rtx3060  Q1 come back\u2026 \ud83e\udd72<\/p>\n<p>\u2014 hongxing2020 (@hongxing2020) <a href=\"https:\/\/idg.digidip.net\/visit?url=https:\/\/twitter.com\/hongxing2020\/status\/2008043115308065078?ref_src=twsrc%5Etfw&amp;currurl=https:\/\/www.pcforalla.se\/article\/3023255\/rykte-nvidia-kommer-aterintroducera-rtx-3060.html&amp;ref=8-1-3023255-1-0-0-0-0\" rel=\"nofollow noopener\" data-subtag=\"8-1-3023255-1-0-0-0-0\" data-domain-name=\"twitter\" target=\"_blank\">January 5, 2026<\/a><\/p><\/blockquote>\n<p>Den ganska tr\u00e4ffs\u00e4kra Nvidia-l\u00e4ckaren hongxing2020 skriver i ett <a href=\"https:\/\/idg.digidip.net\/visit?url=https:\/\/x.com\/hongxing2020\/status\/2008043115308065078&amp;currurl=https:\/\/www.pcforalla.se\/article\/3023255\/rykte-nvidia-kommer-aterintroducera-rtx-3060.html&amp;ref=8-1-3023255-1-0-0-0-0\" target=\"_blank\" rel=\"nofollow noopener\" data-subtag=\"8-1-3023255-1-0-0-0-0\" data-domain-name=\"x\">inl\u00e4gg<\/a> p\u00e5 sociala mediplattformen X att Nvidia kommer att lansera RTX 3060 p\u00e5 nytt under det f\u00f6rsta kvartalet 2026.<\/p>\n<p><img decoding=\"async\" data-wp-class--hide=\"state.isContentHidden\" data-wp-class--show=\"state.isContentVisible\" data-wp-init=\"callbacks.setButtonStyles\" data-wp-on-async--click=\"actions.showLightbox\" data-wp-on-async--load=\"callbacks.setButtonStyles\" data-wp-on-async-window--resize=\"callbacks.setButtonStyles\" src=\"https:\/\/www.europesays.com\/se\/wp-content\/uploads\/2026\/01\/Skarmbild-2026-01-05-161008.png\" alt=\"Steam h\u00e5rdvara december 2025\" class=\"wp-image-3023261\"  width=\"957\" height=\"424\"  loading=\"lazy\"\/><\/p>\n<p class=\"imageCredit\">Valve<\/p>\n<p>RTX 3060-korten lanserades ursprungligen 2021, under den d\u00e5 p\u00e5g\u00e5ende <a href=\"https:\/\/www.pcforalla.se\/article\/1718651\/global-chipp-brist-hotar-smartphone-produktionen.html\" rel=\"nofollow noopener\" target=\"_blank\">chippbristen<\/a>, och lades ned 2024. RTX 3060 \u00e4r med sin marknadsandel p\u00e5 6,26 procent det popul\u00e4raste grafikkortet p\u00e5 spelplattformen <a href=\"https:\/\/idg.digidip.net\/visit?url=https:\/\/store.steampowered.com\/hwsurvey\/Steam-Hardware-Software-Survey-Welcome-to-Steam&amp;currurl=https:\/\/www.pcforalla.se\/article\/3023255\/rykte-nvidia-kommer-aterintroducera-rtx-3060.html&amp;ref=8-1-3023255-1-0-0-0-0\" target=\"_blank\" rel=\"nofollow noopener\" data-subtag=\"8-1-3023255-1-0-0-0-0\" data-domain-name=\"steampowered\">Steams h\u00e5rdvaruunders\u00f6kning<\/a>.<\/p>\n<p><script async src=\"https:\/\/platform.twitter.com\/widgets.js\" charset=\"utf-8\"><\/script><\/p>\n","protected":false},"excerpt":{"rendered":"Det verkar som att AI-f\u00f6retagens enorma efterfr\u00e5gan p\u00e5 nyare minne, b\u00e5de ram och dram, har f\u00e5tt gammal pc-h\u00e5rdvara&hellip;\n","protected":false},"author":2,"featured_media":128207,"comment_status":"","ping_status":"","sticky":false,"template":"","format":"standard","meta":{"footnotes":""},"categories":[66],"tags":[80,78,79,34,31,33,32,30,81,84,83,82],"class_list":{"0":"post-128206","1":"post","2":"type-post","3":"status-publish","4":"format-standard","5":"has-post-thumbnail","7":"category-vetenskap-och-teknik","8":"tag-science","9":"tag-science-and-technology","10":"tag-scienceandtechnology","11":"tag-se","12":"tag-svenska","13":"tag-sverige","14":"tag-sweden","15":"tag-swedish","16":"tag-technology","17":"tag-teknik","18":"tag-vetenskap","19":"tag-vetenskapteknik"},"share_on_mastodon":{"url":"https:\/\/pubeurope.com\/@se\/115853387592129011","error":""},"_links":{"self":[{"href":"https:\/\/www.europesays.com\/se\/wp-json\/wp\/v2\/posts\/128206","targetHints":{"allow":["GET"]}}],"collection":[{"href":"https:\/\/www.europesays.com\/se\/wp-json\/wp\/v2\/posts"}],"about":[{"href":"https:\/\/www.europesays.com\/se\/wp-json\/wp\/v2\/types\/post"}],"author":[{"embeddable":true,"href":"https:\/\/www.europesays.com\/se\/wp-json\/wp\/v2\/users\/2"}],"replies":[{"embeddable":true,"href":"https:\/\/www.europesays.com\/se\/wp-json\/wp\/v2\/comments?post=128206"}],"version-history":[{"count":0,"href":"https:\/\/www.europesays.com\/se\/wp-json\/wp\/v2\/posts\/128206\/revisions"}],"wp:featuredmedia":[{"embeddable":true,"href":"https:\/\/www.europesays.com\/se\/wp-json\/wp\/v2\/media\/128207"}],"wp:attachment":[{"href":"https:\/\/www.europesays.com\/se\/wp-json\/wp\/v2\/media?parent=128206"}],"wp:term":[{"taxonomy":"category","embeddable":true,"href":"https:\/\/www.europesays.com\/se\/wp-json\/wp\/v2\/categories?post=128206"},{"taxonomy":"post_tag","embeddable":true,"href":"https:\/\/www.europesays.com\/se\/wp-json\/wp\/v2\/tags?post=128206"}],"curies":[{"name":"wp","href":"https:\/\/api.w.org\/{rel}","templated":true}]}}