{"id":128217,"date":"2026-01-07T10:46:12","date_gmt":"2026-01-07T10:46:12","guid":{"rendered":"https:\/\/www.europesays.com\/se\/128217\/"},"modified":"2026-01-07T10:46:12","modified_gmt":"2026-01-07T10:46:12","slug":"ces-2026-motorola-visar-upp-sin-forsta-sidovikbara-mobil-razr-fold","status":"publish","type":"post","link":"https:\/\/www.europesays.com\/se\/128217\/","title":{"rendered":"CES 2026: Motorola visar upp sin f\u00f6rsta sidovikbara mobil \u2013 Razr Fold"},"content":{"rendered":"<p>Motorola har i samband med CES 2026 presenterat sin f\u00f6rsta sidovikbara smartphone, <a href=\"https:\/\/idg.digidip.net\/visit?url=https:\/\/www.motorola.com\/us\/en\/p\/phones\/razr\/razr-fold\/pmipmjj43my&amp;currurl=https:\/\/www.m3.se\/article\/3025370\/motorola-visar-upp-sin-forsta-sidovikbara-mobil-razr-fold.html&amp;ref=9-1-3025370-1-0-0-0-0\" rel=\"nofollow noopener\" data-subtag=\"9-1-3025370-1-0-0-0-0\" data-domain-name=\"motorola\" target=\"_blank\">Razr Fold<\/a>. F\u00f6retagets tidigare vikbara mobiler har haft sn\u00e4ckskalsdesign, men Razr Fold placerar Motorola i direkt konkurrens med Samsungs Galaxy Z Fold 7 och Googles Pixel 10 Pro Fold.<\/p>\n<p>Telefonen har en 6,6 tum stor extern sk\u00e4rm och en 8,1 tum flexibel huvudsk\u00e4rm p\u00e5 insidan, samt st\u00f6d f\u00f6r f\u00f6retagets Moto Pen Ultra-stylus.<\/p>\n<p>Kamerasystemet best\u00e5r av tre 50-megapixellinser: en huvudkamera, en ultravidvinkel\/makrokamera och ett teleobjektiv. P\u00e5 utsidan finns dessutom en 32-megapixels selfiekamera, medan en 20-megapixels kamera sitter p\u00e5 insidan.<\/p>\n<p>Razr Fold sl\u00e4pps i f\u00e4rgerna bl\u00e5tt och vitt. Pris, exakta h\u00e5rdvaruspecifikationer och lanseringsdatum \u00e4r \u00e4nnu inte k\u00e4nda.<\/p>\n","protected":false},"excerpt":{"rendered":"Motorola har i samband med CES 2026 presenterat sin f\u00f6rsta sidovikbara smartphone, Razr Fold. F\u00f6retagets tidigare vikbara mobiler&hellip;\n","protected":false},"author":2,"featured_media":128218,"comment_status":"","ping_status":"","sticky":false,"template":"","format":"standard","meta":{"footnotes":""},"categories":[66],"tags":[80,78,79,34,31,33,32,30,81,84,83,82],"class_list":{"0":"post-128217","1":"post","2":"type-post","3":"status-publish","4":"format-standard","5":"has-post-thumbnail","7":"category-vetenskap-och-teknik","8":"tag-science","9":"tag-science-and-technology","10":"tag-scienceandtechnology","11":"tag-se","12":"tag-svenska","13":"tag-sverige","14":"tag-sweden","15":"tag-swedish","16":"tag-technology","17":"tag-teknik","18":"tag-vetenskap","19":"tag-vetenskapteknik"},"share_on_mastodon":{"url":"https:\/\/pubeurope.com\/@se\/115853419028763195","error":""},"_links":{"self":[{"href":"https:\/\/www.europesays.com\/se\/wp-json\/wp\/v2\/posts\/128217","targetHints":{"allow":["GET"]}}],"collection":[{"href":"https:\/\/www.europesays.com\/se\/wp-json\/wp\/v2\/posts"}],"about":[{"href":"https:\/\/www.europesays.com\/se\/wp-json\/wp\/v2\/types\/post"}],"author":[{"embeddable":true,"href":"https:\/\/www.europesays.com\/se\/wp-json\/wp\/v2\/users\/2"}],"replies":[{"embeddable":true,"href":"https:\/\/www.europesays.com\/se\/wp-json\/wp\/v2\/comments?post=128217"}],"version-history":[{"count":0,"href":"https:\/\/www.europesays.com\/se\/wp-json\/wp\/v2\/posts\/128217\/revisions"}],"wp:featuredmedia":[{"embeddable":true,"href":"https:\/\/www.europesays.com\/se\/wp-json\/wp\/v2\/media\/128218"}],"wp:attachment":[{"href":"https:\/\/www.europesays.com\/se\/wp-json\/wp\/v2\/media?parent=128217"}],"wp:term":[{"taxonomy":"category","embeddable":true,"href":"https:\/\/www.europesays.com\/se\/wp-json\/wp\/v2\/categories?post=128217"},{"taxonomy":"post_tag","embeddable":true,"href":"https:\/\/www.europesays.com\/se\/wp-json\/wp\/v2\/tags?post=128217"}],"curies":[{"name":"wp","href":"https:\/\/api.w.org\/{rel}","templated":true}]}}